{"id":11892,"date":"2020-05-03T11:04:31","date_gmt":"2020-05-03T16:04:31","guid":{"rendered":"http:\/\/www.zonaroja.com.mx\/?p=11892"},"modified":"2020-05-03T11:04:33","modified_gmt":"2020-05-03T16:04:33","slug":"brinda-el-ieepo-atencion-permanente-en-linea-telefonica-y-en-medios-digitales","status":"publish","type":"post","link":"https:\/\/zonaroja.com.mx\/?p=11892","title":{"rendered":"Brinda el IEEPO atenci\u00f3n permanente en l\u00ednea telef\u00f3nica y en medios digitales"},"content":{"rendered":"\n<p>Redacci\u00f3n\/Zona Roja.<\/p>\n\n\n\n<p>Oaxaca de Ju\u00e1rez, Oax. 3 de mayo de\n2020.- El Instituto Estatal de Educaci\u00f3n P\u00fablica de Oaxaca (IEEPO), pone a\ndisposici\u00f3n el n\u00famero celular 951 126 79 19 para la atenci\u00f3n de la comunidad\ndocente y ciudadan\u00eda que durante este per\u00edodo de aislamiento social, preventivo\ny obligatorio, requiera informaci\u00f3n sobre los tr\u00e1mites, servicios, programas y\nactividades a cargo de la dependencia.<\/p>\n\n\n\n<p>En cumplimiento a las instrucciones del\ndirector general del Instituto, Francisco \u00c1ngel Villarreal, respecto a las\nmedidas implementadas por la contingencia sanitaria en la Fase 3 de la pandemia\npor Covid-19, la autoridad educativa en la entidad, con apego a los protocolos\nestablecidos para evitar contagios mantiene la atenci\u00f3n en los servicios\ndeclarados esenciales en la emergencia.<\/p>\n\n\n\n<p>Para ello, tambi\u00e9n se encuentra\ndisponible el servicio de chat en l\u00ednea en la p\u00e1gina web institucional\nwww.oaxaca.gob.mx\/ieepo, de lunes a viernes en un horario de 8:00 a 20:00 horas\ny v\u00eda el correo electr\u00f3nico dg.correspondencia.gestion@ieepo.gob.mx se recibe\nla documentaci\u00f3n oficial dirigida a la dependencia, a la cual se da el tr\u00e1mite\nrespectivo ante las \u00e1reas correspondientes.<\/p>\n\n\n\n<p>El Instituto recomienda consultar el\nportal web institucional, donde se difunde una serie de propuestas de\nactividades para reforzar los aprendizajes fundamentales durante el aislamiento\npreventivo en estudiantes de preescolar, primaria y secundaria, avaladas por la\nSecretar\u00eda de Educaci\u00f3n P\u00fablica (SEP).<\/p>\n","protected":false},"excerpt":{"rendered":"<p>Redacci\u00f3n\/Zona Roja. Oaxaca de Ju\u00e1rez, Oax. 3 de mayo de 2020.- El Instituto Estatal de&hellip;<\/p>\n","protected":false},"author":2,"featured_media":11893,"comment_status":"closed","ping_status":"open","sticky":false,"template":"","format":"standard","meta":{"_lmt_disableupdate":"","_lmt_disable":"","_jetpack_memberships_contains_paid_content":false,"footnotes":""},"categories":[109,46],"tags":[599],"class_list":["post-11892","post","type-post","status-publish","format-standard","has-post-thumbnail","hentry","category-minuto-a-minuto","category-zona-blanca","tag-instituto-estatal-de-educacion-publica-de-oaxaca"],"jetpack_featured_media_url":"https:\/\/zonaroja.com.mx\/wp-content\/uploads\/2020\/05\/ieepos.jpg","jetpack_sharing_enabled":true,"_links":{"self":[{"href":"https:\/\/zonaroja.com.mx\/index.php?rest_route=\/wp\/v2\/posts\/11892","targetHints":{"allow":["GET"]}}],"collection":[{"href":"https:\/\/zonaroja.com.mx\/index.php?rest_route=\/wp\/v2\/posts"}],"about":[{"href":"https:\/\/zonaroja.com.mx\/index.php?rest_route=\/wp\/v2\/types\/post"}],"author":[{"embeddable":true,"href":"https:\/\/zonaroja.com.mx\/index.php?rest_route=\/wp\/v2\/users\/2"}],"replies":[{"embeddable":true,"href":"https:\/\/zonaroja.com.mx\/index.php?rest_route=%2Fwp%2Fv2%2Fcomments&post=11892"}],"version-history":[{"count":1,"href":"https:\/\/zonaroja.com.mx\/index.php?rest_route=\/wp\/v2\/posts\/11892\/revisions"}],"predecessor-version":[{"id":11894,"href":"https:\/\/zonaroja.com.mx\/index.php?rest_route=\/wp\/v2\/posts\/11892\/revisions\/11894"}],"wp:featuredmedia":[{"embeddable":true,"href":"https:\/\/zonaroja.com.mx\/index.php?rest_route=\/wp\/v2\/media\/11893"}],"wp:attachment":[{"href":"https:\/\/zonaroja.com.mx\/index.php?rest_route=%2Fwp%2Fv2%2Fmedia&parent=11892"}],"wp:term":[{"taxonomy":"category","embeddable":true,"href":"https:\/\/zonaroja.com.mx\/index.php?rest_route=%2Fwp%2Fv2%2Fcategories&post=11892"},{"taxonomy":"post_tag","embeddable":true,"href":"https:\/\/zonaroja.com.mx\/index.php?rest_route=%2Fwp%2Fv2%2Ftags&post=11892"}],"curies":[{"name":"wp","href":"https:\/\/api.w.org\/{rel}","templated":true}]}}