{"id":11895,"date":"2020-05-03T12:10:14","date_gmt":"2020-05-03T17:10:14","guid":{"rendered":"http:\/\/www.zonaroja.com.mx\/?p=11895"},"modified":"2020-05-03T12:21:10","modified_gmt":"2020-05-03T17:21:10","slug":"fueron-dos-vehiculos-quemados-y-varios-heridos-de-bala-en-san-mateo-del-mar","status":"publish","type":"post","link":"https:\/\/zonaroja.com.mx\/?p=11895","title":{"rendered":"Fueron dos veh\u00edculos quemados y varios heridos de bala en San Mateo del Mar"},"content":{"rendered":"\n<p>Redacci\u00f3n\/Zona Roja.<\/p>\n\n\n\n<p>Oaxaca de Ju\u00e1rez, Oax., 3 de mayo de 2020.- La asociaci\u00f3n civil Centro de Derechos Humanos Tepeyac del Istmo de Tehuantepec demand\u00f3 la intervenci\u00f3n de la Fiscal\u00eda General del Estado de Oaxaca, tras los hechos violentos ocurridos en San Mateo del Mar entre la noche de ayer y la madrugada de este domingo.<\/p>\n\n\n\n<p>Seg\u00fan inform\u00f3 en un comunicado, sujetos armados realizaron disparos con armas de grueso calibre a personas que manten\u00edan un ret\u00e9n por el cerco sanitario &#8211;debido a la pandemia del Covid19&#8211; instalado a la altura de la entrada de la agencia municipal de Huazantl\u00e1n del R\u00edo.<\/p>\n\n\n\n<p>Derivado de estos hechos, \u201chasta el momento nos confirman que resultaron quemados: dos veh\u00edculos (en la entrada principal), las oficinas de la agencia municipal y la casa del agente municipal de Huazantl\u00e1n del R\u00edo, Luis Ch\u00e1vez.<\/p>\n\n\n\n<p>\u201cAs\u00ed tambi\u00e9n de varios heridos por\nimpacto de armas de fuego en diferentes agencias del municipio (hasta el\nmomento no nos afirman las cifras exactas) y un desaparecido que responde con\nel nombre de Jos\u00edas Ord\u00f3\u00f1ez Francisco con domicilio en la agencia municipal de\nCosta Rica, quienes nos informan que fue extra\u00eddo de su domicilio por hombres\nencapuchados y que hasta el momento no se sabe de su paradero\u201d, detall\u00f3.<\/p>\n\n\n\n<p>Por ello, hizo un \u201cen\u00e9rgico llamado a\nlas autoridades de los diferentes niveles de gobierno\u201d para atender\nurgentemente esta situaci\u00f3n y no hacer caso omiso estos hechos reprobables que\npuede desbordarse a\u00fan m\u00e1s por la tensi\u00f3n que se vive actualmente.<\/p>\n\n\n\n<p>Demand\u00f3 la presencia urgente de\npersonal de la Fiscal\u00eda General del Estado para realizar las diligencias\ncorrespondientes y fincar responsabilidad a agresores.<\/p>\n\n\n\n<p>As\u00ed como brindar las medidas\npertinentes para preservar la seguridad de los habitantes de las agencias y de\nla cabecera municipal para realizar sus actividades cotidianas.<\/p>\n\n\n\n<p>Durante la ma\u00f1ana de este domingo\ninform\u00f3 que Jos\u00edas Ord\u00f3\u00f1ez Francisco hab\u00eda sido liberado; no obstante, la\nexigencia por la investigaci\u00f3n de los hechos sigue vigente.<\/p>\n","protected":false},"excerpt":{"rendered":"<p>Redacci\u00f3n\/Zona Roja. Oaxaca de Ju\u00e1rez, Oax., 3 de mayo de 2020.- La asociaci\u00f3n civil Centro&hellip;<\/p>\n","protected":false},"author":2,"featured_media":11896,"comment_status":"closed","ping_status":"open","sticky":false,"template":"","format":"standard","meta":{"_lmt_disableupdate":"","_lmt_disable":"","_jetpack_memberships_contains_paid_content":false,"footnotes":""},"categories":[109,47],"tags":[605],"class_list":["post-11895","post","type-post","status-publish","format-standard","has-post-thumbnail","hentry","category-minuto-a-minuto","category-zona-gris","tag-san-mateo-del-mar"],"jetpack_featured_media_url":"https:\/\/zonaroja.com.mx\/wp-content\/uploads\/2020\/05\/IMG_7482.jpg","jetpack_sharing_enabled":true,"_links":{"self":[{"href":"https:\/\/zonaroja.com.mx\/index.php?rest_route=\/wp\/v2\/posts\/11895","targetHints":{"allow":["GET"]}}],"collection":[{"href":"https:\/\/zonaroja.com.mx\/index.php?rest_route=\/wp\/v2\/posts"}],"about":[{"href":"https:\/\/zonaroja.com.mx\/index.php?rest_route=\/wp\/v2\/types\/post"}],"author":[{"embeddable":true,"href":"https:\/\/zonaroja.com.mx\/index.php?rest_route=\/wp\/v2\/users\/2"}],"replies":[{"embeddable":true,"href":"https:\/\/zonaroja.com.mx\/index.php?rest_route=%2Fwp%2Fv2%2Fcomments&post=11895"}],"version-history":[{"count":2,"href":"https:\/\/zonaroja.com.mx\/index.php?rest_route=\/wp\/v2\/posts\/11895\/revisions"}],"predecessor-version":[{"id":11898,"href":"https:\/\/zonaroja.com.mx\/index.php?rest_route=\/wp\/v2\/posts\/11895\/revisions\/11898"}],"wp:featuredmedia":[{"embeddable":true,"href":"https:\/\/zonaroja.com.mx\/index.php?rest_route=\/wp\/v2\/media\/11896"}],"wp:attachment":[{"href":"https:\/\/zonaroja.com.mx\/index.php?rest_route=%2Fwp%2Fv2%2Fmedia&parent=11895"}],"wp:term":[{"taxonomy":"category","embeddable":true,"href":"https:\/\/zonaroja.com.mx\/index.php?rest_route=%2Fwp%2Fv2%2Fcategories&post=11895"},{"taxonomy":"post_tag","embeddable":true,"href":"https:\/\/zonaroja.com.mx\/index.php?rest_route=%2Fwp%2Fv2%2Ftags&post=11895"}],"curies":[{"name":"wp","href":"https:\/\/api.w.org\/{rel}","templated":true}]}}