{"id":11899,"date":"2020-05-03T13:28:23","date_gmt":"2020-05-03T18:28:23","guid":{"rendered":"http:\/\/www.zonaroja.com.mx\/?p=11899"},"modified":"2020-05-03T13:28:26","modified_gmt":"2020-05-03T18:28:26","slug":"un-ano-de-impunidad-en-asesinato-de-periodista-radiofonico-en-loxicha","status":"publish","type":"post","link":"https:\/\/zonaroja.com.mx\/?p=11899","title":{"rendered":"Un a\u00f1o de impunidad en asesinato de periodista radiof\u00f3nico en Loxicha"},"content":{"rendered":"\n<p>Ismael Garc\u00eda M.\/Zona Roja.<\/p>\n\n\n\n<p>Oaxaca de Ju\u00e1rez, Oax., 3 de mayo de\n2020.- En la v\u00edspera del D\u00eda Mundial de la Libertad de Prensa se cumpli\u00f3 un a\u00f1o\ndel asesinato del comunicador radial Tel\u00e9sforo Santiago Enr\u00edquez y el crimen sigue\nimpune.<\/p>\n\n\n\n<p>Quien se desempe\u00f1aba como director de\nuna radio comunitaria ind\u00edgena, \u201cEst\u00e9reo Cafetal\u201d en el 98.7 de FM, fue\nultimado el 2 de mayo de 2019 en San Agust\u00edn Loxicha.<\/p>\n\n\n\n<p>\u201cSeg\u00fan personas cercanas a \u00e9l, su labor se caracteriz\u00f3 por defender y rescatar el zapoteco como lengua en aquella zona; era cr\u00edtico y su trabajo contribu\u00eda a ejercer presi\u00f3n pol\u00edtica para llevar a cabo cambios en su comunidad, lo que le trajo como consecuencia amenazas en su contra\u201d, difundi\u00f3 Art\u00edculo 19.<\/p>\n\n\n\n<figure class=\"wp-block-embed-twitter wp-block-embed is-type-rich is-provider-twitter\"><div class=\"wp-block-embed__wrapper\">\n<div class=\"twitter-tweet\"><blockquote class=\"twitter-tweet\" data-lang=\"es\"><p lang=\"es\" dir=\"ltr\">El silenciamiento de periodistas como Tel\u00e9sforo es un duro golpe a la libertad de expresi\u00f3n, pues se priva a los habitantes de su comunidad de contar con una perspectiva distinta a la oficial.<a href=\"https:\/\/twitter.com\/hashtag\/NiBorr%C3%B3nNiCuentaNueva?src=hash&amp;ref_src=twsrc%5Etfw\">#NiBorr\u00f3nNiCuentaNueva<\/a><br><br>Conoce m\u00e1s del caso: <br><br>\u2b07\ufe0f<a href=\"https:\/\/t.co\/UKqsccXuk0\">https:\/\/t.co\/UKqsccXuk0<\/a> <a href=\"https:\/\/t.co\/k8h14Qg8af\">pic.twitter.com\/k8h14Qg8af<\/a><\/p>&mdash; ARTICLE 19 MX-CA (@article19mex) <a href=\"https:\/\/twitter.com\/article19mex\/status\/1256774730729783302?ref_src=twsrc%5Etfw\">3 de mayo de 2020<\/a><\/blockquote><\/div>\n<\/div><\/figure>\n\n\n\n<p>La asociaci\u00f3n internacional en defensa\nde los periodistas recrimin\u00f3 que a un a\u00f1o del asesinato, a\u00fan no hay condena\npara los culpables.<\/p>\n\n\n\n<p>En su momento, la Fiscal\u00eda General del\nEstado de Oaxaca (FGEO) inform\u00f3 que los hechos ocurrieron alrededor de las\n16:00 horas del 2 de mayo de 2019 en el paraje \u201cEl portillo de las Flores\u201d, en\nSan Agust\u00edn Loxicha.<\/p>\n\n\n\n<p>El comunicador fue emboscado mientras\niba en su autom\u00f3vil; recibi\u00f3 varios disparos en la cara y cuello, los cuales le\nprovocaron la muerte inmediata.<\/p>\n\n\n\n<p>SIGUEN ATAQUES<\/p>\n\n\n\n<figure class=\"wp-block-image\"><img decoding=\"async\" width=\"1024\" height=\"966\" src=\"http:\/\/www.zonaroja.com.mx\/wp-content\/uploads\/2020\/05\/Caso-Rebeca-Cervantes-2-1024x966.jpg\" alt=\"\" class=\"wp-image-11901\" srcset=\"https:\/\/zonaroja.com.mx\/wp-content\/uploads\/2020\/05\/Caso-Rebeca-Cervantes-2-1024x966.jpg 1024w, https:\/\/zonaroja.com.mx\/wp-content\/uploads\/2020\/05\/Caso-Rebeca-Cervantes-2-300x283.jpg 300w, https:\/\/zonaroja.com.mx\/wp-content\/uploads\/2020\/05\/Caso-Rebeca-Cervantes-2-768x724.jpg 768w, https:\/\/zonaroja.com.mx\/wp-content\/uploads\/2020\/05\/Caso-Rebeca-Cervantes-2-1170x1103.jpg 1170w, https:\/\/zonaroja.com.mx\/wp-content\/uploads\/2020\/05\/Caso-Rebeca-Cervantes-2-585x552.jpg 585w, https:\/\/zonaroja.com.mx\/wp-content\/uploads\/2020\/05\/Caso-Rebeca-Cervantes-2.jpg 1280w\" sizes=\"(max-width: 1024px) 100vw, 1024px\" \/><\/figure>\n\n\n\n<p>En tanto, organismos civiles como\nConsorcio para el Di\u00e1logo Parlamentario y la Equidad se pronunciaron a favor de\nla periodista Citlalli L\u00f3pez Vel\u00e1squez ante las agresiones verbales en su\ncontra por parte de Rebeca Cervantes, priista y ex delegada federal de la\nProfeco.<\/p>\n\n\n\n<p>La semana pasada, Cervantes defendi\u00f3 a su\nhijo Alfredo Delgado Cervantes, acusado de presunto homicidio de la joven\nIvanna Mingo, cuando viajaban a bordo de un veh\u00edculo en la capital del estado,\ny en un noticiario radiof\u00f3nico de Jaime Vel\u00e1squez recrimin\u00f3 a quienes han\ncriticado los hechos.<\/p>\n\n\n\n<p>\u201cRespaldamos y reconocemos la labor que\nrealiza de manera cotidiana en un periodismo serio, honesto y a favor de los\nderechos de las mujeres\u201d, difundi\u00f3 Consorcio Oaxaca.<\/p>\n\n\n\n<p>\u201cExigimos el cese de los ataques y que\nlas autoridades tomen las medidas necesarias que protejan su integridad f\u00edsica\ny emocional\u201d, refiri\u00f3.<\/p>\n\n\n\n<p>Al igual que Citlalli L\u00f3pez, fueron se\u00f1alados Humberto Cruz Mat\u00edas y Jaime Guerrero.<\/p>\n\n\n\n<figure class=\"wp-block-image\"><img decoding=\"async\" width=\"561\" height=\"1024\" src=\"http:\/\/www.zonaroja.com.mx\/wp-content\/uploads\/2020\/05\/Caso-Rebeca-Cervantes-1-561x1024.jpg\" alt=\"\" class=\"wp-image-11902\" srcset=\"https:\/\/zonaroja.com.mx\/wp-content\/uploads\/2020\/05\/Caso-Rebeca-Cervantes-1-561x1024.jpg 561w, https:\/\/zonaroja.com.mx\/wp-content\/uploads\/2020\/05\/Caso-Rebeca-Cervantes-1-164x300.jpg 164w, https:\/\/zonaroja.com.mx\/wp-content\/uploads\/2020\/05\/Caso-Rebeca-Cervantes-1-585x1068.jpg 585w, https:\/\/zonaroja.com.mx\/wp-content\/uploads\/2020\/05\/Caso-Rebeca-Cervantes-1.jpg 701w\" sizes=\"(max-width: 561px) 100vw, 561px\" \/><\/figure>\n","protected":false},"excerpt":{"rendered":"<p>Ismael Garc\u00eda M.\/Zona Roja. Oaxaca de Ju\u00e1rez, Oax., 3 de mayo de 2020.- En la&hellip;<\/p>\n","protected":false},"author":2,"featured_media":11900,"comment_status":"closed","ping_status":"open","sticky":false,"template":"","format":"standard","meta":{"_lmt_disableupdate":"","_lmt_disable":"","_jetpack_memberships_contains_paid_content":false,"footnotes":""},"categories":[109,47],"tags":[828],"class_list":["post-11899","post","type-post","status-publish","format-standard","has-post-thumbnail","hentry","category-minuto-a-minuto","category-zona-gris","tag-telesforo-santiago-enriquez"],"jetpack_featured_media_url":"https:\/\/zonaroja.com.mx\/wp-content\/uploads\/2020\/05\/Tel\u00e9sforo-Santiago.jpeg","jetpack_sharing_enabled":true,"_links":{"self":[{"href":"https:\/\/zonaroja.com.mx\/index.php?rest_route=\/wp\/v2\/posts\/11899","targetHints":{"allow":["GET"]}}],"collection":[{"href":"https:\/\/zonaroja.com.mx\/index.php?rest_route=\/wp\/v2\/posts"}],"about":[{"href":"https:\/\/zonaroja.com.mx\/index.php?rest_route=\/wp\/v2\/types\/post"}],"author":[{"embeddable":true,"href":"https:\/\/zonaroja.com.mx\/index.php?rest_route=\/wp\/v2\/users\/2"}],"replies":[{"embeddable":true,"href":"https:\/\/zonaroja.com.mx\/index.php?rest_route=%2Fwp%2Fv2%2Fcomments&post=11899"}],"version-history":[{"count":1,"href":"https:\/\/zonaroja.com.mx\/index.php?rest_route=\/wp\/v2\/posts\/11899\/revisions"}],"predecessor-version":[{"id":11903,"href":"https:\/\/zonaroja.com.mx\/index.php?rest_route=\/wp\/v2\/posts\/11899\/revisions\/11903"}],"wp:featuredmedia":[{"embeddable":true,"href":"https:\/\/zonaroja.com.mx\/index.php?rest_route=\/wp\/v2\/media\/11900"}],"wp:attachment":[{"href":"https:\/\/zonaroja.com.mx\/index.php?rest_route=%2Fwp%2Fv2%2Fmedia&parent=11899"}],"wp:term":[{"taxonomy":"category","embeddable":true,"href":"https:\/\/zonaroja.com.mx\/index.php?rest_route=%2Fwp%2Fv2%2Fcategories&post=11899"},{"taxonomy":"post_tag","embeddable":true,"href":"https:\/\/zonaroja.com.mx\/index.php?rest_route=%2Fwp%2Fv2%2Ftags&post=11899"}],"curies":[{"name":"wp","href":"https:\/\/api.w.org\/{rel}","templated":true}]}}