{"id":11904,"date":"2020-05-03T16:08:12","date_gmt":"2020-05-03T21:08:12","guid":{"rendered":"http:\/\/www.zonaroja.com.mx\/?p=11904"},"modified":"2020-05-03T16:08:16","modified_gmt":"2020-05-03T21:08:16","slug":"ilegal-que-gobernadores-y-ediles-suspendan-derechos-y-propongan-sanciones","status":"publish","type":"post","link":"https:\/\/zonaroja.com.mx\/?p=11904","title":{"rendered":"Ilegal, que gobernadores y ediles suspendan derechos y propongan sanciones"},"content":{"rendered":"\n<p>Redacci\u00f3n\/Zona Roja.<\/p>\n\n\n\n<p>Oaxaca de Ju\u00e1rez, Oax., 3 de mayo de\n2020.- El juez D\u00e9cimo Primero de Distrito en Oaxaca, Jos\u00e9 Luis Evaristo\nVillegas, admiti\u00f3 una demanda de amparo en la que un defensor de derechos\nhumanos reclama la omisi\u00f3n del Congreso de la Uni\u00f3n de crear la Ley\nReglamentaria del art\u00edculo 29 constitucional.<\/p>\n\n\n\n<p>Dicho art\u00edculo establece que s\u00f3lo el Presidente\nde la Rep\u00fablica puede suspender garant\u00edas en M\u00e9xico en casos de invasi\u00f3n,\nperturbaci\u00f3n grave de la paz p\u00fablica o de cualquier otro que ponga a la\nsociedad en grave peligro o conflicto.<\/p>\n\n\n\n<p>Sin embargo, no se cuenta con ley\nreglamentaria de ese art\u00edculo constitucional, lo que puede dar lugar al\nejercicio discrecional o arbitrario de esa facultad.<\/p>\n\n\n\n<p>Como ha sucedido en los casos por\nejemplo en que el gobernador de Oaxaca, Alejandro Murat, ha decretado la\ndetenci\u00f3n de personas que no acaten las medidas sanitarias, como el no portar\ncubrebocas o imponer multas.<\/p>\n\n\n\n<p>Asimismo, como lo han hecho diversas\nautoridades municipales y auxiliares, que han impuesto toques de queda y\nrestricciones en los caminos de acceso a sus respectivas localidades, bajo los\nargumentos de impedir el paso de personas que probablemente diseminen el\ncoronavirus.<\/p>\n\n\n\n<p>La demanda de amparo fue promovida por\nLitigio Estrat\u00e9gico Ind\u00edgena, asociaci\u00f3n que ha tenido experiencias exitosas\ncomo el amparo que ordena el rescate de los r\u00edos \u201cSalado\u201d y \u201cAtoyac\u201d y la que\nordena la creaci\u00f3n de la ley de consulta ind\u00edgena.<\/p>\n\n\n\n<p>En la demanda de amparo se explica que\nel Congreso de la Uni\u00f3n estaba obligado a construir la Ley Reglamentaria desde\nel d\u00eda 10 de junio de 2012, en virtud de que los transitorios le otorgaron un\nplazo de un a\u00f1o.<\/p>\n\n\n\n<p>Por ello ahora, en estos d\u00edas de contingencia\nsanitaria por el Covid-19, es necesario que el Congreso construya la ley de la\nmateria, para no dar pie a irregularidades en la aplicaci\u00f3n de la norma.<\/p>\n\n\n\n<p>Mariana Y\u00e1\u00f1ez Unda, vicepresidenta de\nLitigio Estrat\u00e9gico Ind\u00edgena A.C., explic\u00f3 que los ciudadanos tienen en el\njuicio de amparo un mecanismo para obligar al Congreso a legislar en materia de\nomisiones legislativas absolutas, como es en el presente caso en que el\nlegislador federal ha omitido crear la ley. <\/p>\n\n\n\n<p>Record\u00f3 que Litigio Estrat\u00e9gico\nInd\u00edgena logr\u00f3 obligar al Congreso del Estado de Oaxaca a crear la ley de\nconsulta ind\u00edgena de Oaxaca.<\/p>\n\n\n\n<p>Expuso que el art\u00edculo 29\nconstitucional establece que en los casos de invasi\u00f3n, perturbaci\u00f3n grave de la\npaz p\u00fablica, o de cualquier otro que ponga a la sociedad en grave peligro o\nconflicto, solamente el Presidente de los Estados Unidos Mexicanos, con la\naprobaci\u00f3n del Congreso de la Uni\u00f3n o de la Comisi\u00f3n Permanente cuando aquel no\nestuviere reunido, podr\u00e1 restringir o suspender en todo el pa\u00eds o en lugar\ndeterminado el ejercicio de los derechos y las garant\u00edas que fuesen obst\u00e1culo\npara hacer frente, r\u00e1pida y f\u00e1cilmente a la situaci\u00f3n.<\/p>\n\n\n\n<p>Y que el cuarto transitorio de la\nreforma constitucional de 10 de junio de 2011, otorg\u00f3 un plazo a los\nlegisladores para hacer la ley reglamentaria y que no obstante el Congreso de\nla Uni\u00f3n no lo ha hecho.<\/p>\n\n\n\n<p>Indic\u00f3 que ante el hecho indiscutible\nde que diversas autoridades han suspendido derechos humanos de facto, como los\ngobernadores y presidentes municipales que han impuesto verdaderos toques de\nqueda para afrontar la contingencia sanitaria, es necesario que exista una ley\nque regule todas las circunstancias y condiciones en que se pueda suspender garant\u00edas\nen el pa\u00eds.<\/p>\n","protected":false},"excerpt":{"rendered":"<p>Redacci\u00f3n\/Zona Roja. Oaxaca de Ju\u00e1rez, Oax., 3 de mayo de 2020.- El juez D\u00e9cimo Primero&hellip;<\/p>\n","protected":false},"author":2,"featured_media":11905,"comment_status":"closed","ping_status":"open","sticky":false,"template":"","format":"standard","meta":{"_lmt_disableupdate":"","_lmt_disable":"","_jetpack_memberships_contains_paid_content":false,"footnotes":""},"categories":[109,47],"tags":[897],"class_list":["post-11904","post","type-post","status-publish","format-standard","has-post-thumbnail","hentry","category-minuto-a-minuto","category-zona-gris","tag-litigio-estrategico-indigena"],"jetpack_featured_media_url":"https:\/\/zonaroja.com.mx\/wp-content\/uploads\/2020\/05\/IMG_7520.jpg","jetpack_sharing_enabled":true,"_links":{"self":[{"href":"https:\/\/zonaroja.com.mx\/index.php?rest_route=\/wp\/v2\/posts\/11904","targetHints":{"allow":["GET"]}}],"collection":[{"href":"https:\/\/zonaroja.com.mx\/index.php?rest_route=\/wp\/v2\/posts"}],"about":[{"href":"https:\/\/zonaroja.com.mx\/index.php?rest_route=\/wp\/v2\/types\/post"}],"author":[{"embeddable":true,"href":"https:\/\/zonaroja.com.mx\/index.php?rest_route=\/wp\/v2\/users\/2"}],"replies":[{"embeddable":true,"href":"https:\/\/zonaroja.com.mx\/index.php?rest_route=%2Fwp%2Fv2%2Fcomments&post=11904"}],"version-history":[{"count":1,"href":"https:\/\/zonaroja.com.mx\/index.php?rest_route=\/wp\/v2\/posts\/11904\/revisions"}],"predecessor-version":[{"id":11906,"href":"https:\/\/zonaroja.com.mx\/index.php?rest_route=\/wp\/v2\/posts\/11904\/revisions\/11906"}],"wp:featuredmedia":[{"embeddable":true,"href":"https:\/\/zonaroja.com.mx\/index.php?rest_route=\/wp\/v2\/media\/11905"}],"wp:attachment":[{"href":"https:\/\/zonaroja.com.mx\/index.php?rest_route=%2Fwp%2Fv2%2Fmedia&parent=11904"}],"wp:term":[{"taxonomy":"category","embeddable":true,"href":"https:\/\/zonaroja.com.mx\/index.php?rest_route=%2Fwp%2Fv2%2Fcategories&post=11904"},{"taxonomy":"post_tag","embeddable":true,"href":"https:\/\/zonaroja.com.mx\/index.php?rest_route=%2Fwp%2Fv2%2Ftags&post=11904"}],"curies":[{"name":"wp","href":"https:\/\/api.w.org\/{rel}","templated":true}]}}