{"id":11907,"date":"2020-05-03T18:12:54","date_gmt":"2020-05-03T23:12:54","guid":{"rendered":"http:\/\/www.zonaroja.com.mx\/?p=11907"},"modified":"2020-05-03T18:12:57","modified_gmt":"2020-05-03T23:12:57","slug":"oaxaca-dos-cuerpos-calcinados-y-un-ejecutado-en-vehiculo-en-el-istmo","status":"publish","type":"post","link":"https:\/\/zonaroja.com.mx\/?p=11907","title":{"rendered":"Oaxaca: dos cuerpos calcinados y un ejecutado en veh\u00edculo en el Istmo"},"content":{"rendered":"\n<p>Ismael Garc\u00eda M. \/Zona Roja.<\/p>\n\n\n\n<p>Oaxaca de Ju\u00e1rez, Oax., 3 de mayo de\n2020.- Dos personas calcinadas en el interior de un veh\u00edculo y una m\u00e1s\nasesinada a balazos en su unidad de motor, es el saldo de violencia en las\n\u00faltimas 12 horas, adem\u00e1s de las agresiones perpetradas en Huazantl\u00e1n, San Mateo\ndel Mar.<\/p>\n\n\n\n<p>La ma\u00f1ana de este domingo, en la\ncarretera Salina Cruz-San Pedro Huilotepec, fue hallado en el interior de una\ncamioneta de color gris, el cuerpo de un individuo con varios disparos de arma\nde fuego.<\/p>\n\n\n\n<p>De manera preliminar fue identificado\ncomo Filem\u00f3n Villalobos, suplente del agente municipal de Huazantl\u00e1n del R\u00edo,\nagencia de San Mateo del Mar, donde anoche se presentaron hechos violentos con\nsaldo de varios heridos y veh\u00edculos quemados, adem\u00e1s de un domicilio destruido.<\/p>\n\n\n\n<p>Por otra parte, la comandancia de la\nAgencia Estatal de Investigaciones establecida en la agencia de Palomares, confirm\u00f3\nel levantamiento de dos cuerpos calcinados, en el interior de un veh\u00edculo marca\nNissan, tipo Versa, color blanco.<\/p>\n\n\n\n<p>El doble homicidio se habr\u00eda perpetrado\nayer por la tarde en un camino de terracer\u00eda de la comunidad e Arroyo Pe\u00f1a\nAmarilla, perteneciente al municipio de San Juan Cotzoc\u00f3n Mixe, zona colindante\ncon la regi\u00f3n del Istmo.<\/p>\n\n\n\n<p>En tanto, fuentes de la misma\ncorporaci\u00f3n confirmaron la identidad del individuo que fue asesinado la noche\ndel viernes en el municipio de Mat\u00edas Romero, como V\u00edctor Hugo N. C., quien\npresent\u00f3 al menos 14 impactos de arma de fuego, en la calle Ejido de la colonia\nBarrio Ju\u00e1rez Sur.<\/p>\n","protected":false},"excerpt":{"rendered":"<p>Ismael Garc\u00eda M. \/Zona Roja. Oaxaca de Ju\u00e1rez, Oax., 3 de mayo de 2020.- Dos&hellip;<\/p>\n","protected":false},"author":2,"featured_media":11908,"comment_status":"closed","ping_status":"open","sticky":false,"template":"","format":"standard","meta":{"_lmt_disableupdate":"","_lmt_disable":"","_jetpack_memberships_contains_paid_content":false,"footnotes":""},"categories":[109,51],"tags":[605],"class_list":["post-11907","post","type-post","status-publish","format-standard","has-post-thumbnail","hentry","category-minuto-a-minuto","category-zona-roja","tag-san-mateo-del-mar"],"jetpack_featured_media_url":"https:\/\/zonaroja.com.mx\/wp-content\/uploads\/2020\/05\/10ce55d8-5c05-4dd4-ac3d-d74262a5323a.jpg","jetpack_sharing_enabled":true,"_links":{"self":[{"href":"https:\/\/zonaroja.com.mx\/index.php?rest_route=\/wp\/v2\/posts\/11907","targetHints":{"allow":["GET"]}}],"collection":[{"href":"https:\/\/zonaroja.com.mx\/index.php?rest_route=\/wp\/v2\/posts"}],"about":[{"href":"https:\/\/zonaroja.com.mx\/index.php?rest_route=\/wp\/v2\/types\/post"}],"author":[{"embeddable":true,"href":"https:\/\/zonaroja.com.mx\/index.php?rest_route=\/wp\/v2\/users\/2"}],"replies":[{"embeddable":true,"href":"https:\/\/zonaroja.com.mx\/index.php?rest_route=%2Fwp%2Fv2%2Fcomments&post=11907"}],"version-history":[{"count":1,"href":"https:\/\/zonaroja.com.mx\/index.php?rest_route=\/wp\/v2\/posts\/11907\/revisions"}],"predecessor-version":[{"id":11909,"href":"https:\/\/zonaroja.com.mx\/index.php?rest_route=\/wp\/v2\/posts\/11907\/revisions\/11909"}],"wp:featuredmedia":[{"embeddable":true,"href":"https:\/\/zonaroja.com.mx\/index.php?rest_route=\/wp\/v2\/media\/11908"}],"wp:attachment":[{"href":"https:\/\/zonaroja.com.mx\/index.php?rest_route=%2Fwp%2Fv2%2Fmedia&parent=11907"}],"wp:term":[{"taxonomy":"category","embeddable":true,"href":"https:\/\/zonaroja.com.mx\/index.php?rest_route=%2Fwp%2Fv2%2Fcategories&post=11907"},{"taxonomy":"post_tag","embeddable":true,"href":"https:\/\/zonaroja.com.mx\/index.php?rest_route=%2Fwp%2Fv2%2Ftags&post=11907"}],"curies":[{"name":"wp","href":"https:\/\/api.w.org\/{rel}","templated":true}]}}