{"id":11913,"date":"2020-05-03T19:50:35","date_gmt":"2020-05-04T00:50:35","guid":{"rendered":"http:\/\/www.zonaroja.com.mx\/?p=11913"},"modified":"2020-05-03T19:50:37","modified_gmt":"2020-05-04T00:50:37","slug":"mueren-en-accidente-dos-funcionarios-de-oaxaca-uno-es-regidor-de-zimatlan","status":"publish","type":"post","link":"https:\/\/zonaroja.com.mx\/?p=11913","title":{"rendered":"Mueren en accidente dos funcionarios de Oaxaca; uno es regidor de Zimatl\u00e1n"},"content":{"rendered":"\n<p>Redacci\u00f3n\/Zona Roja.<\/p>\n\n\n\n<p>Oaxaca de Ju\u00e1rez, Oax., 3 de mayo de\n2020.- Dos funcionarios p\u00fablicos, uno federal y otro municipal, y tres personas\nlesionadas, es el saldo de dos accidentes carreteros ocurridos este domingo en\nOaxaca.<\/p>\n\n\n\n<p>El m\u00e1s reciente percance ocurri\u00f3 la\ntarde de hoy en la carretera local de la Villa de Zaachila a Santa In\u00e9s del\nMonte, en inmediaciones de la localidad de La Lobera.<\/p>\n\n\n\n<p>En ese sitio volc\u00f3 una unidad de motor tipo\nTracker, marca Chevrolet, con placas de circulaci\u00f3n TLP-42 85.<\/p>\n\n\n\n<p>En el lugar perdi\u00f3 la vida Carlos\nAlberto Cruz Olayo, regidor de Agencias y Barrios del ayuntamiento de Zimatl\u00e1n\nde \u00c1lvarez, municipio de la regi\u00f3n Valles Centrales.<\/p>\n\n\n\n<p>Asimismo, resultaron lesionados \u00c1ngel\nGarc\u00eda R\u00edos, director de Comunicaci\u00f3n Social, quien al parecer conduc\u00eda la\nunidad de motor; Alejandro Cruz y Roberto Ben\u00edtez.<\/p>\n\n\n\n<p>De acuerdo con los primeros informes,\nhab\u00edan acudido a la comunidad de Santiago Clavillinas a entregar despensas,\nordenadas por el edil panista Javier Barroso.<\/p>\n\n\n\n<p>En la v\u00eda federal n\u00famero 200 de la\nCosta, tramo San Pedro Pochutla-Puerto Escondido, volc\u00f3 una camioneta tipo\nJeep, color rojo, donde perdi\u00f3 la vida Emanuel Galguera Ramos, funcionario de\nla Capitan\u00eda de Puerto con sede en Puerto Escondido.<\/p>\n\n\n\n<p>Asimismo, era director de \u201cEl Gr\u00e1fico\nde la Costa\u201d; hasta el momento se desconoce la forma en que ocurri\u00f3 el\naccidente carretero.<\/p>\n","protected":false},"excerpt":{"rendered":"<p>Redacci\u00f3n\/Zona Roja. Oaxaca de Ju\u00e1rez, Oax., 3 de mayo de 2020.- Dos funcionarios p\u00fablicos, uno&hellip;<\/p>\n","protected":false},"author":2,"featured_media":11914,"comment_status":"closed","ping_status":"open","sticky":false,"template":"","format":"standard","meta":{"_lmt_disableupdate":"","_lmt_disable":"","_jetpack_memberships_contains_paid_content":false,"footnotes":""},"categories":[109,47],"tags":[802],"class_list":["post-11913","post","type-post","status-publish","format-standard","has-post-thumbnail","hentry","category-minuto-a-minuto","category-zona-gris","tag-zimatlan-de-alvarez"],"jetpack_featured_media_url":"https:\/\/zonaroja.com.mx\/wp-content\/uploads\/2020\/05\/313780df-5552-45a2-ab4c-fb7b4c4361fc.jpg","jetpack_sharing_enabled":true,"_links":{"self":[{"href":"https:\/\/zonaroja.com.mx\/index.php?rest_route=\/wp\/v2\/posts\/11913","targetHints":{"allow":["GET"]}}],"collection":[{"href":"https:\/\/zonaroja.com.mx\/index.php?rest_route=\/wp\/v2\/posts"}],"about":[{"href":"https:\/\/zonaroja.com.mx\/index.php?rest_route=\/wp\/v2\/types\/post"}],"author":[{"embeddable":true,"href":"https:\/\/zonaroja.com.mx\/index.php?rest_route=\/wp\/v2\/users\/2"}],"replies":[{"embeddable":true,"href":"https:\/\/zonaroja.com.mx\/index.php?rest_route=%2Fwp%2Fv2%2Fcomments&post=11913"}],"version-history":[{"count":1,"href":"https:\/\/zonaroja.com.mx\/index.php?rest_route=\/wp\/v2\/posts\/11913\/revisions"}],"predecessor-version":[{"id":11915,"href":"https:\/\/zonaroja.com.mx\/index.php?rest_route=\/wp\/v2\/posts\/11913\/revisions\/11915"}],"wp:featuredmedia":[{"embeddable":true,"href":"https:\/\/zonaroja.com.mx\/index.php?rest_route=\/wp\/v2\/media\/11914"}],"wp:attachment":[{"href":"https:\/\/zonaroja.com.mx\/index.php?rest_route=%2Fwp%2Fv2%2Fmedia&parent=11913"}],"wp:term":[{"taxonomy":"category","embeddable":true,"href":"https:\/\/zonaroja.com.mx\/index.php?rest_route=%2Fwp%2Fv2%2Fcategories&post=11913"},{"taxonomy":"post_tag","embeddable":true,"href":"https:\/\/zonaroja.com.mx\/index.php?rest_route=%2Fwp%2Fv2%2Ftags&post=11913"}],"curies":[{"name":"wp","href":"https:\/\/api.w.org\/{rel}","templated":true}]}}