{"id":11916,"date":"2020-05-03T21:05:21","date_gmt":"2020-05-04T02:05:21","guid":{"rendered":"http:\/\/www.zonaroja.com.mx\/?p=11916"},"modified":"2020-05-03T21:05:25","modified_gmt":"2020-05-04T02:05:25","slug":"tres-nuevos-casos-de-covid-19-y-un-muerto-saldo-de-hoy-en-oaxaca","status":"publish","type":"post","link":"https:\/\/zonaroja.com.mx\/?p=11916","title":{"rendered":"Tres nuevos casos de Covid-19 y un muerto, saldo de hoy en Oaxaca"},"content":{"rendered":"\n<p>Redacci\u00f3n\/Zona Roja.<\/p>\n\n\n\n<p>Oaxaca de Ju\u00e1rez, Oax. 3 de mayo de 2020.-\nLos Servicios de Salud de Oaxaca (SSO) informaron que en el corte\nepidemiol\u00f3gico de este domingo 3 de mayo, se han identificado tres nuevas\npersonas portadoras del Covid-19, con esta cifra los casos acumulados llegan a\nlos 166 positivos en el territorio oaxaque\u00f1o.<\/p>\n\n\n\n<p>En un comunicado, la dependencia detall\u00f3\nque de acuerdo con el Sistema Federal de Vigilancia Epidemiol\u00f3gica, en cuanto a\nlas defunciones a la fecha se han contabilizado 23 personas que perdieron la\nvida a causa del nuevo coronavirus, una m\u00e1s que el d\u00eda de ayer.<\/p>\n\n\n\n<p>Respecto al reporte del fallecimiento,\nespecific\u00f3 que se trata de un hombre de 53 a\u00f1os de edad, con residencia en la\nregi\u00f3n de Valles Centrales, y con antecedentes de diabetes mellitus tipo II e\ninsuficiencia renal.<\/p>\n\n\n\n<p>Indic\u00f3 que se han realizado 865 pruebas\na pacientes con s\u00edntomas respiratorios, de las cuales el n\u00famero de negativos\nalcanz\u00f3 los 662 an\u00e1lisis y 77 en investigaci\u00f3n, estos \u00faltimos en espera de\nresultados por laboratorio. Del total de confirmados, al momento se tienen 96\npersonas que se han recuperado del padecimiento viral.<\/p>\n\n\n\n<p>A\u00f1adi\u00f3 que de las 23 muertes registradas en el estado, el 56.5% ten\u00edan diagn\u00f3stico de diabetes mellitus tipo II, el 43.5% de hipertensi\u00f3n arterial, el 26.1% obesidad, el 13% insuficiencia renal, el 8.7 % Enfermedad Pulmonar Obstructiva Cr\u00f3nica (EPOC), 8.7% inmunosupresi\u00f3n y el 4.3 % insuficiencia hep\u00e1tica.<\/p>\n\n\n\n<figure class=\"wp-block-image\"><img decoding=\"async\" width=\"1024\" height=\"573\" src=\"http:\/\/www.zonaroja.com.mx\/wp-content\/uploads\/2020\/05\/GRAFICA-2-SSO-1024x573.jpeg\" alt=\"\" class=\"wp-image-11918\" srcset=\"https:\/\/zonaroja.com.mx\/wp-content\/uploads\/2020\/05\/GRAFICA-2-SSO-1024x573.jpeg 1024w, https:\/\/zonaroja.com.mx\/wp-content\/uploads\/2020\/05\/GRAFICA-2-SSO-300x168.jpeg 300w, https:\/\/zonaroja.com.mx\/wp-content\/uploads\/2020\/05\/GRAFICA-2-SSO-768x430.jpeg 768w, https:\/\/zonaroja.com.mx\/wp-content\/uploads\/2020\/05\/GRAFICA-2-SSO-1170x654.jpeg 1170w, https:\/\/zonaroja.com.mx\/wp-content\/uploads\/2020\/05\/GRAFICA-2-SSO-585x327.jpeg 585w, https:\/\/zonaroja.com.mx\/wp-content\/uploads\/2020\/05\/GRAFICA-2-SSO.jpeg 1280w\" sizes=\"(max-width: 1024px) 100vw, 1024px\" \/><\/figure>\n\n\n\n<p>Expuso que del global de\nfallecimientos, el 65 % corresponde al sexo masculino y hasta el momento la\n\u00fanica regi\u00f3n que se mantiene con cero muertes por la pandemia es la Sierra\n(Norte).<\/p>\n\n\n\n<p>Respecto a la distribuci\u00f3n de personas positivas a COVID-19 por Jurisdicci\u00f3n Sanitaria, dijo que 82 corresponden a Valles Centrales, 29 a la Mixteca, 22 al Istmo de Tehuantepec, 21 a Tuxtepec, 11 a la Costa y uno a la Sierra (Norte). Asimismo, del total de pacientes positivos 86 han requerido hospitalizaci\u00f3n y 80 han cursado la enfermedad en aislamiento domiciliario, realizando los protocolos de sanidad establecidos para dicha pandemia.<\/p>\n\n\n\n<p>EN M\u00c9XICO<\/p>\n\n\n\n<p>Por otra parte, en el d\u00eda 42 de la\nJornada Nacional de Sana distancia, el subsecretario de Prevenci\u00f3n y Promoci\u00f3n\nde la Salud, Hugo L\u00f3pez-Gatell, confirm\u00f3 que hasta este domingo se tienen\nregistrados 23 mil 471 casos acumulados de Covid-19 y dos mil 154\nfallecimientos en M\u00e9xico.<\/p>\n\n\n\n<p>Por lo que hubo 93 personas fallecidas\nm\u00e1s entre el d\u00eda de ayer y hoy. Asimismo, dio a conocer el modelo \u201cCentinela\u201d\npara calcular el n\u00famero de casos de coronavirus, que ser\u00edan m\u00e1s de 100 mil.<\/p>\n","protected":false},"excerpt":{"rendered":"<p>Redacci\u00f3n\/Zona Roja. Oaxaca de Ju\u00e1rez, Oax. 3 de mayo de 2020.- Los Servicios de Salud&hellip;<\/p>\n","protected":false},"author":2,"featured_media":11917,"comment_status":"closed","ping_status":"open","sticky":false,"template":"","format":"standard","meta":{"_lmt_disableupdate":"","_lmt_disable":"","_jetpack_memberships_contains_paid_content":false,"footnotes":""},"categories":[109,47],"tags":[1512],"class_list":["post-11916","post","type-post","status-publish","format-standard","has-post-thumbnail","hentry","category-minuto-a-minuto","category-zona-gris","tag-coronavirus-oaxaca"],"jetpack_featured_media_url":"https:\/\/zonaroja.com.mx\/wp-content\/uploads\/2020\/05\/GRAFICA-SSO.jpeg","jetpack_sharing_enabled":true,"_links":{"self":[{"href":"https:\/\/zonaroja.com.mx\/index.php?rest_route=\/wp\/v2\/posts\/11916","targetHints":{"allow":["GET"]}}],"collection":[{"href":"https:\/\/zonaroja.com.mx\/index.php?rest_route=\/wp\/v2\/posts"}],"about":[{"href":"https:\/\/zonaroja.com.mx\/index.php?rest_route=\/wp\/v2\/types\/post"}],"author":[{"embeddable":true,"href":"https:\/\/zonaroja.com.mx\/index.php?rest_route=\/wp\/v2\/users\/2"}],"replies":[{"embeddable":true,"href":"https:\/\/zonaroja.com.mx\/index.php?rest_route=%2Fwp%2Fv2%2Fcomments&post=11916"}],"version-history":[{"count":1,"href":"https:\/\/zonaroja.com.mx\/index.php?rest_route=\/wp\/v2\/posts\/11916\/revisions"}],"predecessor-version":[{"id":11919,"href":"https:\/\/zonaroja.com.mx\/index.php?rest_route=\/wp\/v2\/posts\/11916\/revisions\/11919"}],"wp:featuredmedia":[{"embeddable":true,"href":"https:\/\/zonaroja.com.mx\/index.php?rest_route=\/wp\/v2\/media\/11917"}],"wp:attachment":[{"href":"https:\/\/zonaroja.com.mx\/index.php?rest_route=%2Fwp%2Fv2%2Fmedia&parent=11916"}],"wp:term":[{"taxonomy":"category","embeddable":true,"href":"https:\/\/zonaroja.com.mx\/index.php?rest_route=%2Fwp%2Fv2%2Fcategories&post=11916"},{"taxonomy":"post_tag","embeddable":true,"href":"https:\/\/zonaroja.com.mx\/index.php?rest_route=%2Fwp%2Fv2%2Ftags&post=11916"}],"curies":[{"name":"wp","href":"https:\/\/api.w.org\/{rel}","templated":true}]}}