{"id":11924,"date":"2020-05-04T07:05:20","date_gmt":"2020-05-04T12:05:20","guid":{"rendered":"http:\/\/www.zonaroja.com.mx\/?p=11924"},"modified":"2020-05-04T07:05:23","modified_gmt":"2020-05-04T12:05:23","slug":"proponen-reforma-para-reforzar-el-combate-de-la-violencia-politica-contra-mujeres","status":"publish","type":"post","link":"https:\/\/zonaroja.com.mx\/?p=11924","title":{"rendered":"Proponen reforma para reforzar el combate de la violencia pol\u00edtica contra mujeres"},"content":{"rendered":"\n<p>Redacci\u00f3n\/Zona Roja.<\/p>\n\n\n\n<p>Oaxaca de Ju\u00e1rez, Oax., 4 de mayo de\n2020.- Garantizar un clima de participaci\u00f3n pol\u00edtica libre de violencia en\ncontra de las mujeres, es el punto fundamental de la propuesta de reforma a la\nLey Estatal del Acceso de las Mujeres a una Vida Libre de Violencia de G\u00e9nero,\npresentada recientemente en el Congreso del Estado.<\/p>\n\n\n\n<p>La iniciativa contempla modificar los\nart\u00edculos 7, 11 Bis y 69, de la Ley antes mencionada, ya que actualmente\nexisten vac\u00edos legales para el real cumplimiento de ese instrumento, pues ante\nuna pr\u00e1ctica de exclusi\u00f3n de las mujeres en el \u00e1mbito pol\u00edtico, se normaliza la\nausencia de mecanismos para hacer cumplir el derecho a la participaci\u00f3n\npol\u00edtica sin violencia.<\/p>\n\n\n\n<p>En ese marco, fue presentada por la\ndiputada Elisa Zepeda Lagunas, la iniciativa que brinda mayor garant\u00eda de los\nderechos de las mujeres en la legislaci\u00f3n local.<\/p>\n\n\n\n<p>Entre las adiciones a la ley, se\nconsidera como una falta el impedir u obstaculizar los derechos de asociaci\u00f3n y\nafiliaci\u00f3n en los partidos pol\u00edticos, en raz\u00f3n de g\u00e9nero. <\/p>\n\n\n\n<p>Tambi\u00e9n, amenazar o intimidar a una o\nvarias mujeres o a su familia o colaboradores con el objeto de inducir su\nrenuncia a la candidatura o al cargo para el que fue electa o designada.<\/p>\n\n\n\n<p>Igualmente, ocultar informaci\u00f3n u\nomitir la convocatoria para el registro de candidaturas o para cualquier otra\nactividad, que implique la toma de decisiones en el desarrollo de sus funciones\ny actividades.<\/p>\n\n\n\n<p>As\u00ed como obstaculizar la campa\u00f1a, de\nmodo que se impida que la competencia electoral se desarrolle en condiciones de\nigualdad y cualquier acci\u00f3n que lesione o da\u00f1e la dignidad, integridad o\nlibertad de las mujeres en el ejercicio de un cargo pol\u00edtico.<\/p>\n\n\n\n<p>La transgresi\u00f3n a la normatividad en\ncontra de las mujeres en raz\u00f3n de g\u00e9nero, prev\u00e9 la iniciativa, se sancionar\u00e1n\nen los t\u00e9rminos establecidos en la legislaci\u00f3n electoral, penal y de\nresponsabilidades administrativas.<\/p>\n\n\n\n<p>Respecto a la ampliaci\u00f3n de competencia\ndel Instituto Estatal Electoral y de Participaci\u00f3n Ciudadana de Oaxaca\n(IEEPCO), la iniciativa plantea como premisa, la prevenci\u00f3n, atenci\u00f3n y\nprevenci\u00f3n, como tarea fundamental del organismo electoral, para la protecci\u00f3n\nde las mujeres en la participaci\u00f3n pol\u00edtica.<\/p>\n\n\n\n<p>Asimismo, capacitar al personal que\nlabora en el IEEPCO y personas integrantes de mesas directivas de casilla para\nprevenir y, en su caso, erradicar la violencia pol\u00edtica en raz\u00f3n de g\u00e9nero. Al\nigual que sancionar, de acuerdo con la normatividad aplicable, las conductas\nque constituyan violencia pol\u00edtica contra las mujeres.<\/p>\n\n\n\n<p>A fin de garantizar la igualdad\nsustantiva y de pleno ejercicio de los derechos pol\u00edticos de las oaxaque\u00f1as, la\npropuesta contiene como tarea del IEEPCO, difundir en los medios de comunicaci\u00f3n,\nlas conductas, acciones u omisiones que conllevan a la violencia pol\u00edtica en\nraz\u00f3n de g\u00e9nero. As\u00ed como la prevenci\u00f3n, formas de denuncia y conciencia sobre\nsu erradicaci\u00f3n.<\/p>\n\n\n\n<p>La iniciativa, presentada en la sesi\u00f3n\ndel pasado mi\u00e9rcoles 27 de abril, fue turnada por la Diputaci\u00f3n Permanente para\nsu estudio en comisiones para el procedimiento legislativo correspondiente.<\/p>\n","protected":false},"excerpt":{"rendered":"<p>Redacci\u00f3n\/Zona Roja. Oaxaca de Ju\u00e1rez, Oax., 4 de mayo de 2020.- Garantizar un clima de&hellip;<\/p>\n","protected":false},"author":2,"featured_media":11925,"comment_status":"closed","ping_status":"open","sticky":false,"template":"","format":"standard","meta":{"_lmt_disableupdate":"","_lmt_disable":"","_jetpack_memberships_contains_paid_content":false,"footnotes":""},"categories":[109,46],"tags":[213],"class_list":["post-11924","post","type-post","status-publish","format-standard","has-post-thumbnail","hentry","category-minuto-a-minuto","category-zona-blanca","tag-64-legislatura-de-oaxaca"],"jetpack_featured_media_url":"https:\/\/zonaroja.com.mx\/wp-content\/uploads\/2020\/05\/Diputada-Elisa-Zepeda-Lagunas.jpg","jetpack_sharing_enabled":true,"_links":{"self":[{"href":"https:\/\/zonaroja.com.mx\/index.php?rest_route=\/wp\/v2\/posts\/11924","targetHints":{"allow":["GET"]}}],"collection":[{"href":"https:\/\/zonaroja.com.mx\/index.php?rest_route=\/wp\/v2\/posts"}],"about":[{"href":"https:\/\/zonaroja.com.mx\/index.php?rest_route=\/wp\/v2\/types\/post"}],"author":[{"embeddable":true,"href":"https:\/\/zonaroja.com.mx\/index.php?rest_route=\/wp\/v2\/users\/2"}],"replies":[{"embeddable":true,"href":"https:\/\/zonaroja.com.mx\/index.php?rest_route=%2Fwp%2Fv2%2Fcomments&post=11924"}],"version-history":[{"count":1,"href":"https:\/\/zonaroja.com.mx\/index.php?rest_route=\/wp\/v2\/posts\/11924\/revisions"}],"predecessor-version":[{"id":11926,"href":"https:\/\/zonaroja.com.mx\/index.php?rest_route=\/wp\/v2\/posts\/11924\/revisions\/11926"}],"wp:featuredmedia":[{"embeddable":true,"href":"https:\/\/zonaroja.com.mx\/index.php?rest_route=\/wp\/v2\/media\/11925"}],"wp:attachment":[{"href":"https:\/\/zonaroja.com.mx\/index.php?rest_route=%2Fwp%2Fv2%2Fmedia&parent=11924"}],"wp:term":[{"taxonomy":"category","embeddable":true,"href":"https:\/\/zonaroja.com.mx\/index.php?rest_route=%2Fwp%2Fv2%2Fcategories&post=11924"},{"taxonomy":"post_tag","embeddable":true,"href":"https:\/\/zonaroja.com.mx\/index.php?rest_route=%2Fwp%2Fv2%2Ftags&post=11924"}],"curies":[{"name":"wp","href":"https:\/\/api.w.org\/{rel}","templated":true}]}}