{"id":11927,"date":"2020-05-04T07:43:44","date_gmt":"2020-05-04T12:43:44","guid":{"rendered":"http:\/\/www.zonaroja.com.mx\/?p=11927"},"modified":"2020-05-04T07:43:46","modified_gmt":"2020-05-04T12:43:46","slug":"un-asesinado-dos-viviendas-quemadas-y-siete-vehiculos-siniestrados-saldo-en-huazantlan","status":"publish","type":"post","link":"https:\/\/zonaroja.com.mx\/?p=11927","title":{"rendered":"Un asesinado, dos viviendas quemadas y siete veh\u00edculos siniestrados, saldo en Huazantl\u00e1n"},"content":{"rendered":"\n<p>Redacci\u00f3n\/Zona Roja.<\/p>\n\n\n\n<p>Oaxaca de Ju\u00e1rez, Oax., 4 de mayo de\n2020.- Una persona asesinada a balazos y otra m\u00e1s desaparecida, as\u00ed como siete\nveh\u00edculos y dos casas incendiadas, es el saldo oficial de los hechos violentos\nocurridos el fin de semana en Huazantl\u00e1n del R\u00edo, agencia de San Mateo del Mar.<\/p>\n\n\n\n<p>Tras presiones de organismos civiles y\npobladores, varias horas despu\u00e9s de los hechos, la Fiscal\u00eda General del Estado\nde Oaxaca pudo ingresar a la comunidad.<\/p>\n\n\n\n<p>No obstante, se contradice en la fecha\nen que ocurrieron los hechos, pues inform\u00f3 que fue la madrugada del 3 de mayo,\ncuando habitantes v\u00edctimas y organismos afirman que fue la noche del d\u00eda 2 de\nmayo.<\/p>\n\n\n\n<p>En un comunicado, la Fiscal\u00eda inform\u00f3\nque \u201cse reporta de manera preliminar el fallecimiento de una persona del sexo\nmasculino por proyectil de arma de fuego, identificada como F. V. G. (Filem\u00f3n\nVillalobos, quien era agente municipal suplente de Huazantl\u00e1n).<\/p>\n\n\n\n<p>Por estos hechos, a trav\u00e9s de la\nVicefiscal\u00eda Regional del Istmo, inici\u00f3 la carpeta de investigaci\u00f3n 14516\/FIST\/SALINA\/2020\npor el delito de homicidio calificado.<\/p>\n\n\n\n<p>Asimismo, expuso que se inici\u00f3 la\ncarpeta de investigaci\u00f3n 14495\/FIST\/SALINA\/2020 por el delito de lesiones,\nda\u00f1os y privaci\u00f3n ilegal de la libertad contra un masculino identificado como\nJ. O. F. (Jos\u00edas Ord\u00f3\u00f1ez Francisco), quien ya fue localizado y entregado a sus\nfamiliares.<\/p>\n\n\n\n<p>Agreg\u00f3 que sobre este caso, el agente\ndel Ministerio P\u00fablico de la Fiscal\u00eda General dict\u00f3 medidas de protecci\u00f3n en\nfavor de las v\u00edctimas J. O. F., y J. L. CH., as\u00ed como de sus familiares, \u201cpor\nlo cual gir\u00f3 oficio ordenando a la Secretar\u00eda de Seguridad P\u00fablica para que\nelementos de seguridad den cumplimiento inmediato a las mismas\u201d.<\/p>\n\n\n\n<p>\u201cAsimismo, se reportaron dos viviendas, cuatro veh\u00edculos de motor, una camioneta y dos mototaxis incendiados en la agencia municipal de Huazantl\u00e1n del R\u00edo, perteneciente al municipio de San Mateo del Mar\u201d, indic\u00f3.<\/p>\n\n\n\n<figure class=\"wp-block-image\"><img decoding=\"async\" width=\"719\" height=\"350\" src=\"http:\/\/www.zonaroja.com.mx\/wp-content\/uploads\/2020\/05\/Huazantl\u00e1n-2.jpg\" alt=\"\" class=\"wp-image-11928\" srcset=\"https:\/\/zonaroja.com.mx\/wp-content\/uploads\/2020\/05\/Huazantl\u00e1n-2.jpg 719w, https:\/\/zonaroja.com.mx\/wp-content\/uploads\/2020\/05\/Huazantl\u00e1n-2-300x146.jpg 300w, https:\/\/zonaroja.com.mx\/wp-content\/uploads\/2020\/05\/Huazantl\u00e1n-2-585x285.jpg 585w\" sizes=\"(max-width: 719px) 100vw, 719px\" \/><\/figure>\n\n\n\n<p>EMITEN MEDIDAS CAUTELARES<\/p>\n\n\n\n<p>Por su parte, ante los hechos violentos\nregistrados en la agencia municipal de Huazolotitl\u00e1n (sic), perteneciente a San\nMateo del Mar, la Defensor\u00eda de los Derechos Humanos del Pueblo de Oaxaca\nemiti\u00f3 medidas cautelares para evitar que se produzcan da\u00f1os de dif\u00edcil\nreparaci\u00f3n o la consumaci\u00f3n irreparable de violaciones a derechos humanos en\nlas personas que habitan ese municipio.<\/p>\n\n\n\n<p>\u201cY es que el s\u00e1bado 2 de mayo se\nregistr\u00f3 un ataque armado en dicha localidad, por lo que el \u00f3rgano aut\u00f3nomo\npidi\u00f3 a la Secretar\u00eda de Seguridad P\u00fablica (SSP) que elementos de la Polic\u00eda\nEstatal realicen recorridos de seguridad y vigilancia en la zona, adem\u00e1s de\nimplementar acciones tendientes a garantizar la integridad f\u00edsica de la\npoblaci\u00f3n\u201d.<\/p>\n\n\n\n<p>Asimismo, la DDHPO requiri\u00f3 a la\nFiscal\u00eda General de Justicia del Estado que inicie la Carpeta de Investigaci\u00f3n\ncorrespondiente relativa a la agresi\u00f3n y se emitan las medidas de protecci\u00f3n\nnecesarias.<\/p>\n\n\n\n<p>En tanto que a la Secretar\u00eda General de\nGobierno (Segego) solicit\u00f3 llevar a cabo las acciones necesarias coordinadas\ncon las \u00e1reas competentes para evitar la consumaci\u00f3n irreparable de violaciones\na los derechos humanos.<\/p>\n\n\n\n<p>\u201cLa Defensor\u00eda de los Derechos Humanos\ndel Pueblo de Oaxaca reitera la importancia de emprender una estrategia\nintegral que atienda los diversos requerimientos de las comunidades en los\n\u00e1mbitos sociales, econ\u00f3micos, educativos, de salud y gobernabilidad, para\nalcanzar procesos de paz duradera\u201d, expuso en un comunicado.<\/p>\n","protected":false},"excerpt":{"rendered":"<p>Redacci\u00f3n\/Zona Roja. Oaxaca de Ju\u00e1rez, Oax., 4 de mayo de 2020.- Una persona asesinada a&hellip;<\/p>\n","protected":false},"author":2,"featured_media":11929,"comment_status":"closed","ping_status":"open","sticky":false,"template":"","format":"standard","meta":{"_lmt_disableupdate":"","_lmt_disable":"","_jetpack_memberships_contains_paid_content":false,"footnotes":""},"categories":[109,47],"tags":[1656,605],"class_list":["post-11927","post","type-post","status-publish","format-standard","has-post-thumbnail","hentry","category-minuto-a-minuto","category-zona-gris","tag-huazantlan-del-rio","tag-san-mateo-del-mar"],"jetpack_featured_media_url":"https:\/\/zonaroja.com.mx\/wp-content\/uploads\/2020\/05\/Huazantl\u00e1n-1.jpg","jetpack_sharing_enabled":true,"_links":{"self":[{"href":"https:\/\/zonaroja.com.mx\/index.php?rest_route=\/wp\/v2\/posts\/11927","targetHints":{"allow":["GET"]}}],"collection":[{"href":"https:\/\/zonaroja.com.mx\/index.php?rest_route=\/wp\/v2\/posts"}],"about":[{"href":"https:\/\/zonaroja.com.mx\/index.php?rest_route=\/wp\/v2\/types\/post"}],"author":[{"embeddable":true,"href":"https:\/\/zonaroja.com.mx\/index.php?rest_route=\/wp\/v2\/users\/2"}],"replies":[{"embeddable":true,"href":"https:\/\/zonaroja.com.mx\/index.php?rest_route=%2Fwp%2Fv2%2Fcomments&post=11927"}],"version-history":[{"count":1,"href":"https:\/\/zonaroja.com.mx\/index.php?rest_route=\/wp\/v2\/posts\/11927\/revisions"}],"predecessor-version":[{"id":11930,"href":"https:\/\/zonaroja.com.mx\/index.php?rest_route=\/wp\/v2\/posts\/11927\/revisions\/11930"}],"wp:featuredmedia":[{"embeddable":true,"href":"https:\/\/zonaroja.com.mx\/index.php?rest_route=\/wp\/v2\/media\/11929"}],"wp:attachment":[{"href":"https:\/\/zonaroja.com.mx\/index.php?rest_route=%2Fwp%2Fv2%2Fmedia&parent=11927"}],"wp:term":[{"taxonomy":"category","embeddable":true,"href":"https:\/\/zonaroja.com.mx\/index.php?rest_route=%2Fwp%2Fv2%2Fcategories&post=11927"},{"taxonomy":"post_tag","embeddable":true,"href":"https:\/\/zonaroja.com.mx\/index.php?rest_route=%2Fwp%2Fv2%2Ftags&post=11927"}],"curies":[{"name":"wp","href":"https:\/\/api.w.org\/{rel}","templated":true}]}}