{"id":11931,"date":"2020-05-04T09:17:36","date_gmt":"2020-05-04T14:17:36","guid":{"rendered":"http:\/\/www.zonaroja.com.mx\/?p=11931"},"modified":"2020-05-04T09:17:40","modified_gmt":"2020-05-04T14:17:40","slug":"y-donde-quedo-la-lucha-social-de-la-seccion-22-de-la-ex-aguerrida-cnte","status":"publish","type":"post","link":"https:\/\/zonaroja.com.mx\/?p=11931","title":{"rendered":"\u00bfY d\u00f3nde qued\u00f3 la lucha social de la Secci\u00f3n 22 de la ex aguerrida CNTE?"},"content":{"rendered":"\n<p>Ismael Garc\u00eda M.\/Zona Roja.<\/p>\n\n\n\n<p>Oaxaca de Ju\u00e1rez, Oax., 4 de mayo de\n2020.- Desde que est\u00e1 en amasiato con el gobierno de Alejandro Murat Hinojosa,\na la Secci\u00f3n 22 adherida a la CNTE se le olvid\u00f3 la lucha social.<\/p>\n\n\n\n<p>Opt\u00f3 por los privilegios del poder, las\nprebendas, plazas a su arbitrio y el dinero a manos llenas, antes que la\ndefensa \u201cdel pueblo\u201d, bandera de lucha que fue de la Coordinadora Nacional de\nTrabajadores de la Educaci\u00f3n.<\/p>\n\n\n\n<p>Poco despu\u00e9s del triunfo electoral y en\nv\u00edsperas de la ascensi\u00f3n, el hijo del ex gobernador Jos\u00e9 Murat &#8211;el verdadero\noperador pol\u00edtico con el magisterio&#8211; declar\u00f3 que llevar\u00eda una relaci\u00f3n cordial\ncon la Secci\u00f3n 22. <\/p>\n\n\n\n<p>\u201cTrabajar\u00e9 de la mano con los maestros\u2026\u201d,\nafirm\u00f3 a los medios informativos el 28 de noviembre de 2016; el d\u00eda 30 invit\u00f3 a\nla Comisi\u00f3n Pol\u00edtica del magisterio a una reuni\u00f3n de trabajo, mientras \u00e9stos\namagaban con un paro de labores de dos d\u00edas y bloqueos carreteros.<\/p>\n\n\n\n<p>Solamente fueron amagos, porque Murat\nburl\u00f3 las movilizaciones y tom\u00f3 protesta en la sede de la Corporaci\u00f3n Oaxaque\u00f1a\nde Radio y Televisi\u00f3n, acorralado por los maestros.<\/p>\n\n\n\n<p>Pero entr\u00f3 la mano que mece la cuna\ndesde la Ciudad de M\u00e9xico y desde entonces la relaci\u00f3n ha sido pr\u00e1cticamente\ntersa.<\/p>\n\n\n\n<p>A la Secci\u00f3n 22, que ahora encabeza\nEloy L\u00f3pez Hern\u00e1ndez, se le olvid\u00f3 la defensa de los pueblos, la lucha social, la\npobreza, la marginaci\u00f3n, los ancestrales rezagos, la falta de tecnolog\u00eda, aulas\ndignas y mobiliario adecuado, en miles de escuelas en localidades abandonadas por\nel gobierno.<\/p>\n\n\n\n<p>CORONAVIRUS BEN\u00c9FICO<\/p>\n\n\n\n<p>El \u00fanico atisbo o simulaci\u00f3n de ayuda a\nlos pueblos fue tras los sismos de septiembre de 2017, en que llevaron algunas\ndespensas, s\u00f3lo para tomarse la foto; despu\u00e9s, cada quien por su lado, los\nprofesores hicieron lo propio posteriormente, pero m\u00e1s como protesta para exigir\nla reconstrucci\u00f3n de escuelas da\u00f1adas por los movimientos tel\u00faricos.<\/p>\n\n\n\n<p>Y fue el coronavirus el que termin\u00f3 por\nenterrar la \u201clucha social\u201d de la Secci\u00f3n 22, otrora aliada de los pueblos y las\norganizaciones sociales. La contingencia sanitaria de Covid-19 logr\u00f3 el milagro\ndel resguardo de la Secci\u00f3n 22, que hasta este 1 de mayo asom\u00f3 su supuesto activismo,\npor unos minutos, para entregar su lista de peticiones al gobierno estatal.<\/p>\n\n\n\n<p>Para el magisterio estatal, el descanso\nobligado que ya cumpli\u00f3 m\u00e1s de 40 d\u00edas, no representa un dolor de cabeza para\nsacar adelante el ciclo escolar, en comparaci\u00f3n al n\u00famero de semanas que\npierden cada ciclo escolar por sus movimientos sindicales; eso es lo que menos\nles preocupa.<\/p>\n\n\n\n<p>Sus dichos y hechos se contradijeron al\ninicio de la \u201cJornada nacional sana distancia\u201d en M\u00e9xico, pues ante el anuncio\ndel secretario de Educaci\u00f3n P\u00fablica, Esteban Moctezuma, de suspender clases a\npartir del 24 de marzo, la Secci\u00f3n 22 del SNTE no dud\u00f3 en oponerse\u2026 por lo\nmenos en declaraciones.<\/p>\n\n\n\n<p>El magisterio, a trav\u00e9s de la\nSecretar\u00eda de Organizaci\u00f3n, manifest\u00f3 ante medios de comunicaci\u00f3n que la\ndecisi\u00f3n del funcionario no representaba un decreto que se ten\u00eda que cumplir,\npero lo analizar\u00edan, lo cual no hicieron.<\/p>\n\n\n\n<p>Antes del 20 de marzo, decenas de\nescuelas p\u00fablicas &#8211;principalmente de la capital del estado&#8211; del nivel b\u00e1sico\ncomenzaron la suspensi\u00f3n de labores a media semana; muchas presionadas por los\npadres de familia.<\/p>\n\n\n\n<p>El pasado 21 de abril, la gremial lanz\u00f3\nun posicionamiento contra el programa en l\u00ednea que implement\u00f3 la SEP para\ncontinuar con las actividades escolares desde casa.<\/p>\n\n\n\n<p>La Secci\u00f3n 22 del SNTE calific\u00f3 como un\nfracaso el programa \u201cAprende en casa\u201d puesto en marcha el 20 de abril, cuando\nmillones de ni\u00f1os regresar\u00edan a clases posterior al periodo vacacional de\nSemana Santa. Pero nada m\u00e1s fue verborrea de un d\u00eda. No hizo nada por remediar\nla situaci\u00f3n o exigir que se remediara.<\/p>\n\n\n\n<p>Sin embargo, miles de ni\u00f1os en Oaxaca\npasan la cuarentena en el olvido total de sus docentes, quienes ni los que\nofrecen el servicio educativo en zonas urbanas, con un mayor acceso a la\ntecnolog\u00eda, hacen el esfuerzo m\u00ednimo de tener contacto con sus grupos para\nofrecerles actividades que mantengan vigentes los conocimientos y habilidades\nense\u00f1adas en meses pasados.<\/p>\n\n\n\n<p>Este 1 de mayo con motivo del D\u00eda del\nTrabajo y fecha hist\u00f3rica de la entrega de pliego de peticiones al gobierno del\nestado, el Comit\u00e9 Ejecutivo Seccional reapareci\u00f3.<\/p>\n\n\n\n<p>En las peticiones, a decir del\nsecretario general, Eloy L\u00f3pez Hern\u00e1ndez, est\u00e1n garantizar el servicio de salud\npara sus agremiados. De las necesidades educativas, no habl\u00f3, pues se sienten\ncapacitados para sacar adelante el ciclo escolar. Tambi\u00e9n habl\u00f3 de la\niniciativa de ley de educaci\u00f3n que se analiza en el Congreso local.<\/p>\n\n\n\n<p>Del pueblo, el millonario comit\u00e9 de la\nSecci\u00f3n 22 apenas se acord\u00f3 este 1 de mayo, despu\u00e9s de m\u00e1s de un mes de\ncontingencia.<\/p>\n\n\n\n<p>En el edificio de la gremial, en la\ncalle de Armenta y L\u00f3pez en el Centro Hist\u00f3rico de Oaxaca, el sindicato realiz\u00f3\nentrega de productos de la canasta b\u00e1sica a la poblaci\u00f3n en general que pasaba\npor el lugar. Pero de nuevo flor de un d\u00eda, pues la delegaci\u00f3n Valles Centrales\nentreg\u00f3 apenas un centenar de despensas, con un valor aproximado que no rebasa\nlos 100 pesos, y fue todo. Nuevamente para la foto y el video.<\/p>\n\n\n\n<p>DINERO MATA LUCHA<\/p>\n\n\n\n<p>Tras los hechos violentos del 14 de\njunio de 2006, la Secci\u00f3n 22 pareci\u00f3 resurgir y se aglutin\u00f3 a la APPO para\nintentar derrocar a Ulises Ruiz, pero pudieron m\u00e1s los millones de pesos que\nreg\u00f3 el ex gobernador y el magisterio, menos de un a\u00f1o despu\u00e9s, dej\u00f3 as calles.\nAhora s\u00f3lo cada a\u00f1o sale a las calles a exigir c\u00e1rcel para URO, pero todo queda\nen pantomima.<\/p>\n\n\n\n<p>A la llegada de Gabino Cu\u00e9 Monteagudo\ncambiaron las cosas y recibi\u00f3 muchas promesas de ayuda, al sentirse \u201caliada\u201d\ndel triunfo del movimiento \u201cdemocr\u00e1tico\u201d; les prometi\u00f3 una Comisi\u00f3n de la\nVerdad, lo que cumpli\u00f3, pero despu\u00e9s disolvi\u00f3 ese \u00f3rgano y se olvid\u00f3 de aplicar\njusticia.<\/p>\n\n\n\n<p>Incluso Cu\u00e9 arremeti\u00f3 contra el\nmagisterio, al aplicar en 2015 un decreto mediante el cual quitaba posiciones\nadministrativas en el IEEPO a los maestros. Vino la venganza de la Secci\u00f3n 22\ncon m\u00e1s protestas violentas y cerco a edificios p\u00fablicos\u2026 para intentar retener\nsus privilegios.<\/p>\n\n\n\n<p>El 19 de junio de 2016 en Nochixtl\u00e1n\nles dio nuevas oportunidades de desquite con Cu\u00e9, pero tambi\u00e9n dejaron\npaulatinamente al Comit\u00e9 de V\u00edctimas y \u00e9ste por su lado ha logrado llevar a\ndeclarar a algunos funcionarios, y nada m\u00e1s.<\/p>\n\n\n\n<p>Con la llegada de Andr\u00e9s Manuel L\u00f3pez\nObrador, y con Alejandro Murat de c\u00f3mplice, vino el momento de cobrar las\nafrentas y lo han hecho poco a poco.<\/p>\n\n\n\n<p>Primero se derog\u00f3 la ley educativa de\nEnrique Pe\u00f1a Nieto, despu\u00e9s les quitaron las evaluaciones, luego permitieron\ncontrataci\u00f3n de docentes sin el perfil ni la preparaci\u00f3n, mucho menos con base\nen ex\u00e1menes de conocimientos.<\/p>\n\n\n\n<p>Hoy todo es miel sobre hojuelas doradas\nde dinero y en los planes de Eloy L\u00f3pez Hern\u00e1ndez y camarilla no est\u00e1 la\neducaci\u00f3n de la ni\u00f1ez. <\/p>\n\n\n\n<p>La contingencia result\u00f3 unas vacaciones\npara los maestros; el IEEPO insiste que es a trav\u00e9s de las plataformas sociales\ny por televisi\u00f3n en que se est\u00e1 educando a los cerca de un mill\u00f3n de ni\u00f1as y\nni\u00f1os en educaci\u00f3n b\u00e1sica.<\/p>\n\n\n\n<p>Pero, \u00bfde verdad el Instituto y la\nSecci\u00f3n 22 creen que en lo m\u00e1s rec\u00f3ndito de las monta\u00f1as hay televisi\u00f3n. Al magisterio\nno le preocupa si hay o no.<\/p>\n\n\n\n<p>Apenas este lunes, el diario \u201cReforma\u201d\npublic\u00f3 que acad\u00e9micos y especialistas en educaci\u00f3n advirtieron que el programa\n\u00abAprende en Casa\u00bb, implementado por la Secretar\u00eda de Educaci\u00f3n\nP\u00fablica (SEP) y las autoridades estatales durante la contingencia por Covid-19,\nno garantiza el aprendizaje curricular y podr\u00eda provocar rezagos y abandono\nescolar en los sectores m\u00e1s desfavorecidos.<\/p>\n\n\n\n<p>Eso tampoco preocupa al magisterio. Las\nnuevas generaciones de maestros rebasaron a los antiguos luchadores sociales;\nlos nuevos maestros s\u00f3lo quieren privilegios, una buena plaza, una buena\nubicaci\u00f3n, un buen ingreso que no signifique el sacrificio de ir hasta una\nlejana comunidad. <\/p>\n\n\n\n<p>Ya no hay luchas sociales verdaderas;\nhace varios a\u00f1os que no hay una movilizaci\u00f3n masiva; las quejas y denuncias\ns\u00f3lo son a trav\u00e9s de comunicados y s\u00f3lo para defender sus intereses econ\u00f3micos.\n\u00bfApoyar a los pueblos ante la pandemia? Ni de locos, no se vayan a enfermar. Su\n\u00fanica preocupaci\u00f3n fueron y seguir\u00e1n siendo los privilegios. Todo marcha acorde\na lo que dictan los Murat. <\/p>\n\n\n\n<p>Y mientras tanto el Congreso del Estado\nest\u00e1 a punto de abrogar el decreto de&nbsp;\nCu\u00e9\u2026 con lo que de nuevo la Secci\u00f3n 22 tendr\u00e1 posiciones de direcci\u00f3n en\nel IEEPO.. y mucho m\u00e1s privilegios.<\/p>\n","protected":false},"excerpt":{"rendered":"<p>Ismael Garc\u00eda M.\/Zona Roja. Oaxaca de Ju\u00e1rez, Oax., 4 de mayo de 2020.- Desde que&hellip;<\/p>\n","protected":false},"author":2,"featured_media":7610,"comment_status":"closed","ping_status":"open","sticky":false,"template":"","format":"standard","meta":{"_lmt_disableupdate":"","_lmt_disable":"","_jetpack_memberships_contains_paid_content":false,"footnotes":""},"categories":[456,109,48],"tags":[1353],"class_list":["post-11931","post","type-post","status-publish","format-standard","has-post-thumbnail","hentry","category-columna","category-minuto-a-minuto","category-zona-critica","tag-opinion-zona-critica"],"jetpack_featured_media_url":"https:\/\/zonaroja.com.mx\/wp-content\/uploads\/2020\/01\/Opini\u00f3n-Zona-Cr\u00edtica.jpg","jetpack_sharing_enabled":true,"_links":{"self":[{"href":"https:\/\/zonaroja.com.mx\/index.php?rest_route=\/wp\/v2\/posts\/11931","targetHints":{"allow":["GET"]}}],"collection":[{"href":"https:\/\/zonaroja.com.mx\/index.php?rest_route=\/wp\/v2\/posts"}],"about":[{"href":"https:\/\/zonaroja.com.mx\/index.php?rest_route=\/wp\/v2\/types\/post"}],"author":[{"embeddable":true,"href":"https:\/\/zonaroja.com.mx\/index.php?rest_route=\/wp\/v2\/users\/2"}],"replies":[{"embeddable":true,"href":"https:\/\/zonaroja.com.mx\/index.php?rest_route=%2Fwp%2Fv2%2Fcomments&post=11931"}],"version-history":[{"count":1,"href":"https:\/\/zonaroja.com.mx\/index.php?rest_route=\/wp\/v2\/posts\/11931\/revisions"}],"predecessor-version":[{"id":11932,"href":"https:\/\/zonaroja.com.mx\/index.php?rest_route=\/wp\/v2\/posts\/11931\/revisions\/11932"}],"wp:featuredmedia":[{"embeddable":true,"href":"https:\/\/zonaroja.com.mx\/index.php?rest_route=\/wp\/v2\/media\/7610"}],"wp:attachment":[{"href":"https:\/\/zonaroja.com.mx\/index.php?rest_route=%2Fwp%2Fv2%2Fmedia&parent=11931"}],"wp:term":[{"taxonomy":"category","embeddable":true,"href":"https:\/\/zonaroja.com.mx\/index.php?rest_route=%2Fwp%2Fv2%2Fcategories&post=11931"},{"taxonomy":"post_tag","embeddable":true,"href":"https:\/\/zonaroja.com.mx\/index.php?rest_route=%2Fwp%2Fv2%2Ftags&post=11931"}],"curies":[{"name":"wp","href":"https:\/\/api.w.org\/{rel}","templated":true}]}}