{"id":11937,"date":"2020-05-04T13:13:14","date_gmt":"2020-05-04T18:13:14","guid":{"rendered":"http:\/\/www.zonaroja.com.mx\/?p=11937"},"modified":"2020-05-04T13:13:19","modified_gmt":"2020-05-04T18:13:19","slug":"ante-crisis-economica-y-pese-a-pandemia-abren-comercios-de-oaxaca","status":"publish","type":"post","link":"https:\/\/zonaroja.com.mx\/?p=11937","title":{"rendered":"Ante crisis econ\u00f3mica y pese a pandemia, abren comercios de Oaxaca"},"content":{"rendered":"\n<p>Evlin Arag\u00f3n\/\/Zona Roja.<\/p>\n\n\n\n<p>Oaxaca de Ju\u00e1rez, Oax., 4 de mayo de\n2020.- <\/p>\n\n\n\n<p>\u201c\u00a1Queremos trabajar, queremos trabajar,\nqueremos trabajar!\u201d. Esa fue la principal consigna de un grupo de comerciantes\ndel Centro Hist\u00f3rico de la capital de Oaxaca, que pese a las disposiciones\ngubernamentales avaladas incluso en un decreto oficial, este lunes decidi\u00f3\nabrir sus locales.<\/p>\n\n\n\n<p>Lo anterior sin importar que el pa\u00eds se\nenfrente esta semana al pico m\u00e1s alto de contagios por Covid-19, tal y como lo\nha expresado la Secretar\u00eda de Salud a nivel nacional, y que en los \u00faltimos d\u00edas\nlos casos en la entidad oaxaque\u00f1a hayan aumentado de forma considerable.<\/p>\n\n\n\n<p>Entre aplausos y porras, despu\u00e9s de las\n10 de la ma\u00f1ana y de manera simb\u00f3lica abrieron la cortina de uno de los\nestablecimientos ubicado en la calle 20 de Noviembre y aseguraron que lo har\u00e1n\nen m\u00e1s de 300 negocios del Centro Hist\u00f3rico.<\/p>\n\n\n\n<p>\u201c40 d\u00edas sin trabajo, sin apoyo, sin respuesta. Mi familia y mis trabajadores tambi\u00e9n comen\u201d, fue el principal mensaje que se difundi\u00f3 a trav\u00e9s de lonas y cartulinas que portaban las decenas de personas que se unieron para exigir atenci\u00f3n por parte de las autoridades municipales y estatales que aseguran no responden ante la emergencia econ\u00f3mica derivada de la crisis sanitaria.<\/p>\n\n\n\n<figure class=\"wp-block-embed-twitter wp-block-embed is-type-rich is-provider-twitter\"><div class=\"wp-block-embed__wrapper\">\n<div class=\"twitter-tweet\"><blockquote class=\"twitter-tweet\" data-lang=\"es\"><p lang=\"es\" dir=\"ltr\"><a href=\"https:\/\/twitter.com\/hashtag\/OaxacaGris?src=hash&amp;ref_src=twsrc%5Etfw\">#OaxacaGris<\/a><br>Ante el nulo apoyo del gobernador <a href=\"https:\/\/twitter.com\/alejandromurat?ref_src=twsrc%5Etfw\">@alejandromurat<\/a> y del edil <a href=\"https:\/\/twitter.com\/oswaldogarciaj?ref_src=twsrc%5Etfw\">@oswaldogarciaj<\/a>, unos 300 comerciantes del Centro Hist\u00f3rico de Oaxaca capital deciden abrir sus locales, pese a la contingencia sanitaria. Reclaman p\u00e9rdidas econ\u00f3micas y de fuentes de empleos. <a href=\"https:\/\/t.co\/x71T3s3K9n\">pic.twitter.com\/x71T3s3K9n<\/a><\/p>&mdash; Zona Roja Oaxaca (@MexRoja) <a href=\"https:\/\/twitter.com\/MexRoja\/status\/1257337958820085760?ref_src=twsrc%5Etfw\">4 de mayo de 2020<\/a><\/blockquote><\/div>\n<\/div><\/figure>\n\n\n\n<p>En un encuentro con los medios de\ncomunicaci\u00f3n, explicaron que lo \u00fanico que quieren es que les dejen trabajar,\nexplicaron que siempre han sido un gremio respetuoso de la autoridad, sin\nembargo, han llegado a su l\u00edmite por lo que decidieron en conjunto abrir m\u00e1s de\n300 establecimientos que se ubican en la zona centro de la ciudad.<\/p>\n\n\n\n<p>\u201cNo podemos permitir m\u00e1s d\u00edas sin\ntrabajo, queremos que entiendan que si esto fuera parejo estar\u00edamos de acuerdo\npero hay empresas que no venden productos indispensables y est\u00e1n abiertos.\nEllos pusieron el desorden, ellos ocasionaron todo esto\u201d, explicaron.<\/p>\n\n\n\n<p>Recriminaron que las autoridades\npermitan que empresas trasnacionales mantengan sus actividades comerciales,\ncomo en el caso de Elektra cuya venta de electrodom\u00e9sticos nada tiene que ver\ncon los productos de primera necesidad y parad\u00f3jicamente son los establecimientos\nque recibir\u00e1n los mayores apoyos de parte del gobierno federal.<\/p>\n\n\n\n<p>As\u00ed mismo cuestionaron el vac\u00edo de\nautoridad y apoyo de parte del municipio de Oaxaca de Ju\u00e1rez, que pese a que\nhan buscado a las autoridades estas no responden. \u201cNo queremos que nos\nmantengan, queremos trabajar. El comercio local o se muere de Covid-19 o se\nmuere de hambre\u201d, expresaron.<\/p>\n\n\n\n<p>Finalmente, explicaron que tomar\u00e1n\ntodas las medidas sanitarias como son el uso de cubrebocas y guantes, gel\nantibacterial e incluso la sanitizac\u00f3n de las calles para evitar el contagio\ndel personal que labora en los establecimientos y de quienes consuman los\nproductos.<\/p>\n\n\n\n<p>Al movimiento se unieron comerciantes de los mercados \u201cBenito Ju\u00e1rez\u201d y \u201c20 de Noviembre\u201d quienes han mantenido sus actividades comerciales gracias a sus propios esfuerzos, pues sus comerciantes quienes sanitizan los espacios y realizan la compra de material para evitar la propagaci\u00f3n del Covid-19 en la capital oaxaque\u00f1a.<\/p>\n\n\n\n<figure class=\"wp-block-embed-twitter wp-block-embed is-type-rich is-provider-twitter\"><div class=\"wp-block-embed__wrapper\">\n<div class=\"twitter-tweet\"><blockquote class=\"twitter-tweet\" data-lang=\"es\"><p lang=\"es\" dir=\"ltr\"><a href=\"https:\/\/twitter.com\/hashtag\/ENVIVO?src=hash&amp;ref_src=twsrc%5Etfw\">#ENVIVO<\/a><br>Oaxaca de Ju\u00e1rez, Oax., 4 de mayo de 2020.- Conferencia de prensa de comerciantes de la capital del estado. Anuncian apertura de sus negocios desde este lunes, ante la p\u00e9rdida de ingresos y empleos por m\u00e1s de un mes. <br>\ud83d\udc47<a href=\"https:\/\/t.co\/4yGMR7568E\">https:\/\/t.co\/4yGMR7568E<\/a> <a href=\"https:\/\/t.co\/TN6XLWsmhk\">pic.twitter.com\/TN6XLWsmhk<\/a><\/p>&mdash; Zona Roja Oaxaca (@MexRoja) <a href=\"https:\/\/twitter.com\/MexRoja\/status\/1257331348726931457?ref_src=twsrc%5Etfw\">4 de mayo de 2020<\/a><\/blockquote><\/div>\n<\/div><\/figure>\n","protected":false},"excerpt":{"rendered":"<p>Evlin Arag\u00f3n\/\/Zona Roja. Oaxaca de Ju\u00e1rez, Oax., 4 de mayo de 2020.- \u201c\u00a1Queremos trabajar, queremos&hellip;<\/p>\n","protected":false},"author":2,"featured_media":11938,"comment_status":"closed","ping_status":"open","sticky":false,"template":"","format":"standard","meta":{"_lmt_disableupdate":"","_lmt_disable":"","_jetpack_memberships_contains_paid_content":false,"footnotes":""},"categories":[109,47],"tags":[1512],"class_list":["post-11937","post","type-post","status-publish","format-standard","has-post-thumbnail","hentry","category-minuto-a-minuto","category-zona-gris","tag-coronavirus-oaxaca"],"jetpack_featured_media_url":"https:\/\/zonaroja.com.mx\/wp-content\/uploads\/2020\/05\/IMG_7679-1.jpg","jetpack_sharing_enabled":true,"_links":{"self":[{"href":"https:\/\/zonaroja.com.mx\/index.php?rest_route=\/wp\/v2\/posts\/11937","targetHints":{"allow":["GET"]}}],"collection":[{"href":"https:\/\/zonaroja.com.mx\/index.php?rest_route=\/wp\/v2\/posts"}],"about":[{"href":"https:\/\/zonaroja.com.mx\/index.php?rest_route=\/wp\/v2\/types\/post"}],"author":[{"embeddable":true,"href":"https:\/\/zonaroja.com.mx\/index.php?rest_route=\/wp\/v2\/users\/2"}],"replies":[{"embeddable":true,"href":"https:\/\/zonaroja.com.mx\/index.php?rest_route=%2Fwp%2Fv2%2Fcomments&post=11937"}],"version-history":[{"count":1,"href":"https:\/\/zonaroja.com.mx\/index.php?rest_route=\/wp\/v2\/posts\/11937\/revisions"}],"predecessor-version":[{"id":11939,"href":"https:\/\/zonaroja.com.mx\/index.php?rest_route=\/wp\/v2\/posts\/11937\/revisions\/11939"}],"wp:featuredmedia":[{"embeddable":true,"href":"https:\/\/zonaroja.com.mx\/index.php?rest_route=\/wp\/v2\/media\/11938"}],"wp:attachment":[{"href":"https:\/\/zonaroja.com.mx\/index.php?rest_route=%2Fwp%2Fv2%2Fmedia&parent=11937"}],"wp:term":[{"taxonomy":"category","embeddable":true,"href":"https:\/\/zonaroja.com.mx\/index.php?rest_route=%2Fwp%2Fv2%2Fcategories&post=11937"},{"taxonomy":"post_tag","embeddable":true,"href":"https:\/\/zonaroja.com.mx\/index.php?rest_route=%2Fwp%2Fv2%2Ftags&post=11937"}],"curies":[{"name":"wp","href":"https:\/\/api.w.org\/{rel}","templated":true}]}}