{"id":11940,"date":"2020-05-04T14:21:05","date_gmt":"2020-05-04T19:21:05","guid":{"rendered":"http:\/\/www.zonaroja.com.mx\/?p=11940"},"modified":"2020-05-04T14:21:08","modified_gmt":"2020-05-04T19:21:08","slug":"por-error-lo-enterraron-bajo-protocolos-de-covid-19-y-no-murio-del-virus","status":"publish","type":"post","link":"https:\/\/zonaroja.com.mx\/?p=11940","title":{"rendered":"Por error, lo enterraron bajo protocolos de Covid-19 y no muri\u00f3 del virus"},"content":{"rendered":"\n<p>Yuridiana Sosa\/Zona Roja.<\/p>\n\n\n\n<p>San Juan Bautista Tuxtepec, Oax., 4 de\nmayo de 2020.- Dos d\u00edas despu\u00e9s de su muerte, un hombre de 70 a\u00f1os de edad,\noriginario de la San Jos\u00e9 Chiltepec, en la regi\u00f3n Cuenca, result\u00f3 negativo a\nCovid-19 en los estudios; fue sepultado con los protocolos sanitarios por ser\nun caso sospechoso.<\/p>\n\n\n\n<p>El presidente municipal de Chiltepec,\nMart\u00edn Garc\u00eda, inform\u00f3 hoy sobre los resultados notificados el s\u00e1bado pasado\ntras la muerte de un habitante la noche del mi\u00e9rcoles y sepultado la madrugada\ndel jueves en su comunidad.<\/p>\n\n\n\n<p>El hombre, identificado como Elpidio\nCruz Rodr\u00edguez fue atendido en el Hospital de Zona n\u00famero 3 del Instituto\nMexicano del Seguro Social (IMSS), de San Juan Bautista Tuxtepec, indic\u00f3 el\nedil en su mensaje.<\/p>\n\n\n\n<p>Familiares del difunto, a quien por los\nprotocolos sanitarios se les impidieron velaciones y presenciar la sepultura,\ndenunciaron que el hombre de la tercera edad presentaba problemas de p\u00e1ncreas,\ncon complicaciones de insuficiencia renal en las \u00faltimas horas.<\/p>\n\n\n\n<p>Pero se\u00f1alaron que el paciente no fue\nrecibido en el IMSS en dos ocasiones para su oportuna atenci\u00f3n m\u00e9dica. En su\ntercera visita, cuando ya contaba con fiebre alta y dificultades para respirar\nlo ingresaron, pero como caso sospechoso de Covid-19 y lo aislaron.<\/p>\n\n\n\n<p>Ante la muerte del paciente, la familia\nfue obligada a firmar como paciente Covid-19, de lo contrario se sepultar\u00eda en\nfosa com\u00fan, denunciaron. El caso caus\u00f3 afectaciones discriminatorias para la familia,\nquien recibi\u00f3 las condolencias p\u00fablicas del edil este lunes.<\/p>\n\n\n\n<p>Mart\u00edn Garc\u00eda se deslind\u00f3 del\nprocedimiento en el manejo final del cuerpo.<\/p>\n\n\n\n<p>El paciente se contempl\u00f3 como la quinta\nmuerte por Covid-19 en la regi\u00f3n de la Cuenca y el segundo caso en el municipio\nde Chiltepec.<\/p>\n\n\n\n<p>Sin embargo, la quinta muerte en la\nJurisdicci\u00f3n Sanitaria n\u00famero 3 fue de un paciente de la comunidad de Mac\u00edn\nChico, del municipio de San Juan Bautista Tuxtepec, municipio donde se han\nregistrado las otras cuatro muertes de pacientes Covid.<\/p>\n","protected":false},"excerpt":{"rendered":"<p>Yuridiana Sosa\/Zona Roja. San Juan Bautista Tuxtepec, Oax., 4 de mayo de 2020.- Dos d\u00edas&hellip;<\/p>\n","protected":false},"author":2,"featured_media":11941,"comment_status":"closed","ping_status":"open","sticky":false,"template":"","format":"standard","meta":{"_lmt_disableupdate":"","_lmt_disable":"","_jetpack_memberships_contains_paid_content":false,"footnotes":""},"categories":[109,47],"tags":[1616],"class_list":["post-11940","post","type-post","status-publish","format-standard","has-post-thumbnail","hentry","category-minuto-a-minuto","category-zona-gris","tag-san-jose-chiltepec"],"jetpack_featured_media_url":"https:\/\/zonaroja.com.mx\/wp-content\/uploads\/2020\/05\/Muerto-covid.jpg","jetpack_sharing_enabled":true,"_links":{"self":[{"href":"https:\/\/zonaroja.com.mx\/index.php?rest_route=\/wp\/v2\/posts\/11940","targetHints":{"allow":["GET"]}}],"collection":[{"href":"https:\/\/zonaroja.com.mx\/index.php?rest_route=\/wp\/v2\/posts"}],"about":[{"href":"https:\/\/zonaroja.com.mx\/index.php?rest_route=\/wp\/v2\/types\/post"}],"author":[{"embeddable":true,"href":"https:\/\/zonaroja.com.mx\/index.php?rest_route=\/wp\/v2\/users\/2"}],"replies":[{"embeddable":true,"href":"https:\/\/zonaroja.com.mx\/index.php?rest_route=%2Fwp%2Fv2%2Fcomments&post=11940"}],"version-history":[{"count":1,"href":"https:\/\/zonaroja.com.mx\/index.php?rest_route=\/wp\/v2\/posts\/11940\/revisions"}],"predecessor-version":[{"id":11942,"href":"https:\/\/zonaroja.com.mx\/index.php?rest_route=\/wp\/v2\/posts\/11940\/revisions\/11942"}],"wp:featuredmedia":[{"embeddable":true,"href":"https:\/\/zonaroja.com.mx\/index.php?rest_route=\/wp\/v2\/media\/11941"}],"wp:attachment":[{"href":"https:\/\/zonaroja.com.mx\/index.php?rest_route=%2Fwp%2Fv2%2Fmedia&parent=11940"}],"wp:term":[{"taxonomy":"category","embeddable":true,"href":"https:\/\/zonaroja.com.mx\/index.php?rest_route=%2Fwp%2Fv2%2Fcategories&post=11940"},{"taxonomy":"post_tag","embeddable":true,"href":"https:\/\/zonaroja.com.mx\/index.php?rest_route=%2Fwp%2Fv2%2Ftags&post=11940"}],"curies":[{"name":"wp","href":"https:\/\/api.w.org\/{rel}","templated":true}]}}