{"id":11949,"date":"2020-05-04T18:25:59","date_gmt":"2020-05-04T23:25:59","guid":{"rendered":"http:\/\/www.zonaroja.com.mx\/?p=11949"},"modified":"2020-05-04T18:26:03","modified_gmt":"2020-05-04T23:26:03","slug":"intensificara-el-congreso-dialogo-con-seccion-22-para-construir-ley-educativa","status":"publish","type":"post","link":"https:\/\/zonaroja.com.mx\/?p=11949","title":{"rendered":"Intensificar\u00e1 el Congreso di\u00e1logo con Secci\u00f3n 22 para construir ley educativa"},"content":{"rendered":"\n<p>Redacci\u00f3n\/Zona Roja.<\/p>\n\n\n\n<p>Oaxaca de Ju\u00e1rez, Oax., 4 de mayo de\n2020.- El Congreso del Estado intensificar\u00e1 el di\u00e1logo con el magisterio para\nforjar la construcci\u00f3n de la nueva Ley de Educaci\u00f3n para el Estado de Oaxaca,\nasegur\u00f3 el diputado Horacio Sosa Villavicencio, presidente de la Junta de\nCoordinaci\u00f3n Pol\u00edtica.<\/p>\n\n\n\n<p>\u201cLa 64 Legislatura es un parlamento\nabierto, donde se escuchan todas las voces; la Ley de Educaci\u00f3n se armonizar\u00e1\ncon los maestros y maestras, cuyo plazo para aprobarla, vence el pr\u00f3ximo 15 de\nmayo y en la que seguramente estar\u00e1 plasmado el Plan para la Transformaci\u00f3n de\nla Educaci\u00f3n en Oaxaca (PTEO)\u201d, dijo.<\/p>\n\n\n\n<p>Anunci\u00f3 que en el transcurso de la\nsemana, continuar\u00e1n los encuentros con los y las maestras de la Secci\u00f3n 22 del\nSindicato Nacional de Trabajadores de la Educaci\u00f3n (SNTE), porque juegan un\npapel importante como lo tuvieron en la misma reforma federal.<\/p>\n\n\n\n<p>\u201cEs momento de trabajar en unidad y\nconstruir una ley adecuada que beneficie a la ni\u00f1ez oaxaque\u00f1a\u201d, abund\u00f3 el\nlegislador por el PartidoMorena.<\/p>\n\n\n\n<p>Asever\u00f3 que la representaci\u00f3n popular\nse encuentra comprometida y trabajando en el tema educativo, para que esta\nnueva Ley, sea acorde a lo que necesita la entidad.<\/p>\n\n\n\n<p>Sosa Villavivencio tambi\u00e9n anunci\u00f3 que sostuvo\nuna conversaci\u00f3n virtual con la titular de la Secretar\u00eda de Gobernaci\u00f3n, Olga\nS\u00e1nchez Cordero, con quien abord\u00f3, entre otros temas, la reforma educativa\nestatal<\/p>\n\n\n\n<p>\u201cNo hay doble discurso ni madruguete,\nlos y las maestras deben tener confianza porque es un tema que nos interesa a\ntodas y todos; tener una Ley acorde a las necesidades de Oaxaca\u201d, finaliz\u00f3.<\/p>\n","protected":false},"excerpt":{"rendered":"<p>Redacci\u00f3n\/Zona Roja. Oaxaca de Ju\u00e1rez, Oax., 4 de mayo de 2020.- El Congreso del Estado&hellip;<\/p>\n","protected":false},"author":2,"featured_media":11950,"comment_status":"closed","ping_status":"open","sticky":false,"template":"","format":"standard","meta":{"_lmt_disableupdate":"","_lmt_disable":"","_jetpack_memberships_contains_paid_content":false,"footnotes":""},"categories":[109,46],"tags":[444],"class_list":["post-11949","post","type-post","status-publish","format-standard","has-post-thumbnail","hentry","category-minuto-a-minuto","category-zona-blanca","tag-horacio-sosa-villavicencio"],"jetpack_featured_media_url":"https:\/\/zonaroja.com.mx\/wp-content\/uploads\/2020\/05\/Image-1-59.png","jetpack_sharing_enabled":true,"_links":{"self":[{"href":"https:\/\/zonaroja.com.mx\/index.php?rest_route=\/wp\/v2\/posts\/11949","targetHints":{"allow":["GET"]}}],"collection":[{"href":"https:\/\/zonaroja.com.mx\/index.php?rest_route=\/wp\/v2\/posts"}],"about":[{"href":"https:\/\/zonaroja.com.mx\/index.php?rest_route=\/wp\/v2\/types\/post"}],"author":[{"embeddable":true,"href":"https:\/\/zonaroja.com.mx\/index.php?rest_route=\/wp\/v2\/users\/2"}],"replies":[{"embeddable":true,"href":"https:\/\/zonaroja.com.mx\/index.php?rest_route=%2Fwp%2Fv2%2Fcomments&post=11949"}],"version-history":[{"count":1,"href":"https:\/\/zonaroja.com.mx\/index.php?rest_route=\/wp\/v2\/posts\/11949\/revisions"}],"predecessor-version":[{"id":11951,"href":"https:\/\/zonaroja.com.mx\/index.php?rest_route=\/wp\/v2\/posts\/11949\/revisions\/11951"}],"wp:featuredmedia":[{"embeddable":true,"href":"https:\/\/zonaroja.com.mx\/index.php?rest_route=\/wp\/v2\/media\/11950"}],"wp:attachment":[{"href":"https:\/\/zonaroja.com.mx\/index.php?rest_route=%2Fwp%2Fv2%2Fmedia&parent=11949"}],"wp:term":[{"taxonomy":"category","embeddable":true,"href":"https:\/\/zonaroja.com.mx\/index.php?rest_route=%2Fwp%2Fv2%2Fcategories&post=11949"},{"taxonomy":"post_tag","embeddable":true,"href":"https:\/\/zonaroja.com.mx\/index.php?rest_route=%2Fwp%2Fv2%2Ftags&post=11949"}],"curies":[{"name":"wp","href":"https:\/\/api.w.org\/{rel}","templated":true}]}}