{"id":11953,"date":"2020-05-04T19:23:43","date_gmt":"2020-05-05T00:23:43","guid":{"rendered":"http:\/\/www.zonaroja.com.mx\/?p=11953"},"modified":"2020-05-04T19:23:48","modified_gmt":"2020-05-05T00:23:48","slug":"policia-de-xoxocotlan-se-rebela-para-exigir-destitucion-de-director-de-seguridad","status":"publish","type":"post","link":"https:\/\/zonaroja.com.mx\/?p=11953","title":{"rendered":"Polic\u00eda de Xoxocotl\u00e1n se rebela para exigir destituci\u00f3n de director de Seguridad"},"content":{"rendered":"\n<p>Yuridiana Sosa\/Zona Roja.<\/p>\n\n\n\n<p>Oaxaca de Ju\u00e1rez, Oax., 4 de mayo de\n2020.- Elementos de la Polic\u00eda Municipal de Santa Cruz Xoxocotl\u00e1n se rebelaron\nhoy para exigir la destituci\u00f3n del comandante de seguridad, Edy Caballero\nL\u00f3pez, acusado de incapacidad, despidos injustificados, malos manejos y acoso\nsexual.<\/p>\n\n\n\n<p>Alrededor de las 10:00 horas, los\nuniformados se apoderaron del cuartel, donde quemaron llantas, para demandar la\natenci\u00f3n las autoridades municipales y estatales y una mesa de di\u00e1logo.<\/p>\n\n\n\n<p>\u201cQueremos que se vaya. Venimos a exigir\nla renuncia de Edy Caballero y Cornelio por acosadores\u201d, gritaron los\nmunicipales frente a compa\u00f1eros de la Polic\u00eda Estatal, que trataron de evitar\nda\u00f1os y quema de patrullas.<\/p>\n\n\n\n<p>El mando policial, del municipio gobernado por Alejandro L\u00f3pez Jarqu\u00edn, del PRD, cuenta con una denuncia penal en su contra por acoso sexual y despido injustificado contra una mujer polic\u00eda.<\/p>\n\n\n\n<figure class=\"wp-block-embed-twitter wp-block-embed is-type-rich is-provider-twitter\"><div class=\"wp-block-embed__wrapper\">\n<div class=\"twitter-tweet\"><blockquote class=\"twitter-tweet\" data-lang=\"es\"><p lang=\"es\" dir=\"ltr\"><a href=\"https:\/\/twitter.com\/hashtag\/OaxacaGris?src=hash&amp;ref_src=twsrc%5Etfw\">#OaxacaGris<\/a><br>En Santa Cruz <a href=\"https:\/\/twitter.com\/hashtag\/Xoxocotl%C3%A1n?src=hash&amp;ref_src=twsrc%5Etfw\">#Xoxocotl\u00e1n<\/a> se registran rebeli\u00f3n policial y quema de llantas esta ma\u00f1ana; uniformados exigen la renuncia del responsable de seguridad p\u00fablica, Edy Caballero, quien adem\u00e1s tiene una denuncia en su contra por violencia de g\u00e9nero. <a href=\"https:\/\/t.co\/Vtg6X7KJxq\">pic.twitter.com\/Vtg6X7KJxq<\/a><\/p>&mdash; Zona Roja Oaxaca (@MexRoja) <a href=\"https:\/\/twitter.com\/MexRoja\/status\/1257347654339702788?ref_src=twsrc%5Etfw\">4 de mayo de 2020<\/a><\/blockquote><\/div>\n<\/div><\/figure>\n\n\n\n<p>La denuncia se interpuso ante la\nFiscal\u00eda Especializada para la Atenci\u00f3n a Delitos Contra la Mujer por Raz\u00f3n de\nG\u00e9nero, donde se inici\u00f3 la Carpeta de Investigaci\u00f3n 1091\/FMUJ\/USEX\/2020; adem\u00e1s\nen la Fiscal\u00eda Especializada en Materia de Combate a la Corrupci\u00f3n, que qued\u00f3\nbajo el n\u00famero 247(FEMCCO)2020.<\/p>\n\n\n\n<p>El caso tambi\u00e9n se expuso ante la\nDefensor\u00eda de los Derechos Humanos del Pueblo de Oaxaca donde hay unaqueja\nasentada en la carpeta DDHPO\/0037\/(01)Oax\/2020; pero en ninguna instancia\nexisten avances y estos actos se repiten.<\/p>\n\n\n\n<p>Pero el comandante Edy Caballero\ntambi\u00e9n es rechazado en sus labores y se\u00f1alado por la misma comunidad de tener\ntrato con un grupo delincuencial en la zona.<\/p>\n\n\n\n<p>Esta situaci\u00f3n qued\u00f3 expuesta en marzo\nde este a\u00f1o a trav\u00e9s de una manta en la que denuncian los cobros mensuales por\nparte de Caballero L\u00f3pez a favor los grupos criminales.<\/p>\n\n\n\n<p>Por la tarde la situaci\u00f3n tensa se\nmanten\u00eda y la ri\u00f1a lleg\u00f3 entre dos grupos de polic\u00edas, que dej\u00f3 como saldo\npreliminar un descalabrado.<\/p>\n\n\n\n<p>El ayuntamiento de Santa Cruz Xoxocotl\u00e1n no ha emitido informaci\u00f3n al respecto.<\/p>\n\n\n\n<figure class=\"wp-block-embed-twitter wp-block-embed is-type-rich is-provider-twitter\"><div class=\"wp-block-embed__wrapper\">\n<div class=\"twitter-tweet\"><blockquote class=\"twitter-tweet\" data-lang=\"es\"><p lang=\"es\" dir=\"ltr\"><a href=\"https:\/\/twitter.com\/hashtag\/%C3%9AltimoMinuto?src=hash&amp;ref_src=twsrc%5Etfw\">#\u00daltimoMinuto<\/a> <br>Se complica la situaci\u00f3n en el municipio de <a href=\"https:\/\/twitter.com\/hashtag\/Xoxocotl%C3%A1n?src=hash&amp;ref_src=twsrc%5Etfw\">#Xoxocotl\u00e1n<\/a> que preside <a href=\"https:\/\/twitter.com\/Alejandro_ALJ?ref_src=twsrc%5Etfw\">@Alejandro_ALJ<\/a>; ahora polic\u00edas contra polic\u00edas y hay un herido. <br>Un grupo insiste en la renuncia de Edy Caballero, titular de Seguridad P\u00fablica municipal. <a href=\"https:\/\/t.co\/V6BdP6bK2z\">pic.twitter.com\/V6BdP6bK2z<\/a><\/p>&mdash; Zona Roja Oaxaca (@MexRoja) <a href=\"https:\/\/twitter.com\/MexRoja\/status\/1257458914993614848?ref_src=twsrc%5Etfw\">4 de mayo de 2020<\/a><\/blockquote><\/div>\n<\/div><\/figure>\n","protected":false},"excerpt":{"rendered":"<p>Yuridiana Sosa\/Zona Roja. Oaxaca de Ju\u00e1rez, Oax., 4 de mayo de 2020.- Elementos de la&hellip;<\/p>\n","protected":false},"author":2,"featured_media":11954,"comment_status":"closed","ping_status":"open","sticky":false,"template":"","format":"standard","meta":{"_lmt_disableupdate":"","_lmt_disable":"","_jetpack_memberships_contains_paid_content":false,"footnotes":""},"categories":[109,47],"tags":[133],"class_list":["post-11953","post","type-post","status-publish","format-standard","has-post-thumbnail","hentry","category-minuto-a-minuto","category-zona-gris","tag-santa-cruz-xoxocotlan"],"jetpack_featured_media_url":"https:\/\/zonaroja.com.mx\/wp-content\/uploads\/2020\/05\/3bd3dafc-cd9c-4338-8300-fc7a64c835b0.jpg","jetpack_sharing_enabled":true,"_links":{"self":[{"href":"https:\/\/zonaroja.com.mx\/index.php?rest_route=\/wp\/v2\/posts\/11953","targetHints":{"allow":["GET"]}}],"collection":[{"href":"https:\/\/zonaroja.com.mx\/index.php?rest_route=\/wp\/v2\/posts"}],"about":[{"href":"https:\/\/zonaroja.com.mx\/index.php?rest_route=\/wp\/v2\/types\/post"}],"author":[{"embeddable":true,"href":"https:\/\/zonaroja.com.mx\/index.php?rest_route=\/wp\/v2\/users\/2"}],"replies":[{"embeddable":true,"href":"https:\/\/zonaroja.com.mx\/index.php?rest_route=%2Fwp%2Fv2%2Fcomments&post=11953"}],"version-history":[{"count":1,"href":"https:\/\/zonaroja.com.mx\/index.php?rest_route=\/wp\/v2\/posts\/11953\/revisions"}],"predecessor-version":[{"id":11955,"href":"https:\/\/zonaroja.com.mx\/index.php?rest_route=\/wp\/v2\/posts\/11953\/revisions\/11955"}],"wp:featuredmedia":[{"embeddable":true,"href":"https:\/\/zonaroja.com.mx\/index.php?rest_route=\/wp\/v2\/media\/11954"}],"wp:attachment":[{"href":"https:\/\/zonaroja.com.mx\/index.php?rest_route=%2Fwp%2Fv2%2Fmedia&parent=11953"}],"wp:term":[{"taxonomy":"category","embeddable":true,"href":"https:\/\/zonaroja.com.mx\/index.php?rest_route=%2Fwp%2Fv2%2Fcategories&post=11953"},{"taxonomy":"post_tag","embeddable":true,"href":"https:\/\/zonaroja.com.mx\/index.php?rest_route=%2Fwp%2Fv2%2Ftags&post=11953"}],"curies":[{"name":"wp","href":"https:\/\/api.w.org\/{rel}","templated":true}]}}