{"id":11959,"date":"2020-05-04T20:55:38","date_gmt":"2020-05-05T01:55:38","guid":{"rendered":"http:\/\/www.zonaroja.com.mx\/?p=11959"},"modified":"2020-05-04T20:55:41","modified_gmt":"2020-05-05T01:55:41","slug":"gobierno-de-oaxaca-desacata-sus-medidas-y-abre-monte-de-piedad","status":"publish","type":"post","link":"https:\/\/zonaroja.com.mx\/?p=11959","title":{"rendered":"Gobierno de Oaxaca desacata sus medidas y abre Monte de Piedad"},"content":{"rendered":"\n<p>Yuridiana Sosa\/Zona Roja.<\/p>\n\n\n\n<p>Oaxaca de Ju\u00e1rez, Oax., 4 de mayo de\n2020.- A pesar de las recomendaciones que el mismo Gobierno del Estado mantiene\nsobre el aislamiento por la pandemia del coronavirus, as\u00ed como la suspensi\u00f3n de\nactividades comerciales no esenciales, decidi\u00f3 reabrir la matriz del Monte de\nPiedad en la capital oaxaque\u00f1a.<\/p>\n\n\n\n<p>Con ello, cientos de ciudadanos dejaron\nel confinamiento este lunes y se aglomeraron en las calles del Centro Hist\u00f3rico\npara realizar tr\u00e1mites en esa instituci\u00f3n prendataria, as\u00ed como en sucursales\nbancaria a pesar de la contingencia.<\/p>\n\n\n\n<p>El reinicio de operaciones de este\norganismo p\u00fablico, dependiente del gobierno de Oaxaca, fue motivo de la\nconcentraci\u00f3n de cientos de ciudadanos en una larga fila que se extendi\u00f3 por\nm\u00e1s de una cuadra en el Andador Tur\u00edstico Macedonio Alcal\u00e1.<\/p>\n\n\n\n<p>\u201c\u00a1Regresamos porque t\u00fa nos necesitas! Estamos listos para ayudarte y te apoyamos porque no podemos dejarte solo\u201d, anunci\u00f3 Monte de Piedad en su cuenta de Twitter esta ma\u00f1ana, donde tambi\u00e9n dio a conocer algunas medidas de seguridad que tomar\u00e1 en el interior de la oficina.<\/p>\n\n\n\n<figure class=\"wp-block-embed-twitter wp-block-embed is-type-rich is-provider-twitter\"><div class=\"wp-block-embed__wrapper\">\n<div class=\"twitter-tweet\"><blockquote class=\"twitter-tweet\" data-lang=\"es\"><p lang=\"es\" dir=\"ltr\"><a href=\"https:\/\/twitter.com\/hashtag\/Qu%C3%A9dateEnCasaYa?src=hash&amp;ref_src=twsrc%5Etfw\">#Qu\u00e9dateEnCasaYa<\/a><br>(2) Hasta el <a href=\"https:\/\/twitter.com\/GobOax?ref_src=twsrc%5Etfw\">@goboax<\/a> desacata sus propias medidas de contingencia y el <a href=\"https:\/\/twitter.com\/MPiedad_GobOax?ref_src=twsrc%5Etfw\">@MPiedad_GobOax<\/a> abri\u00f3 sus puertas desde hoy; en im\u00e1genes, largas filas para acceder a la sucursal de Morelos y Macedonio Alcal\u00e1, centro de la ciudad. <a href=\"https:\/\/t.co\/EbrjjrhGzw\">pic.twitter.com\/EbrjjrhGzw<\/a><\/p>&mdash; Zona Roja Oaxaca (@MexRoja) <a href=\"https:\/\/twitter.com\/MexRoja\/status\/1257395719620755457?ref_src=twsrc%5Etfw\">4 de mayo de 2020<\/a><\/blockquote><\/div>\n<\/div><\/figure>\n\n\n\n<p>Decenas acudieron a realizar empe\u00f1os\nante la dif\u00edcil situaci\u00f3n econ\u00f3mica que padecen las familias oaxaque\u00f1as por la\nsuspensi\u00f3n de actividades comerciales, que deriv\u00f3 en reducci\u00f3n de salarios,\ndespidos o ingresos reducidos por bajas ventas.<\/p>\n\n\n\n<p>Otros ciudadanos acudieron para\nrefrendar sus prendas o alhajas que empe\u00f1aron semanas atr\u00e1s.<\/p>\n\n\n\n<p>Pero a pesar que al ingreso el personal\ndistribuy\u00f3 gel antibacterial, durante las filas algunas personas acudieron sin\ncubrebocas y por algunos espacios la \u201csana distancia\u201d se perdi\u00f3.<\/p>\n\n\n\n<p>Este lunes los puntos de mayor\nconcentraci\u00f3n volvieron a ser al exterior de las sucursales bancarias, donde\nmiles de ciudadanos de la capital y de comunidades aleda\u00f1as de la regi\u00f3n de\nValles Centrales formaron extensas filas que abarcaron cerca de cuatro cuadras.<\/p>\n\n\n\n<p>El motivo principal es todav\u00eda el\ncobr\u00f3, en la mayor\u00eda de los casos, de programas federales a favor del campo\naglomeraron tanto las aceras del Centro Hist\u00f3rico como de sucursales en la zona\nnorte de la ciudad.<\/p>\n\n\n\n<p>A diferencia de d\u00edas pasados, este\nlunes es reducida la presencia de elementos de Seguridad P\u00fablica para\ngarantizar la sana distancia en las filas, proporcionar gel antibacterial y\ncubrebocas.<\/p>\n\n\n\n<p>La movilizaci\u00f3n de personas, en casi todos los sectores, se registr\u00f3 entrada la semana en la que las autoridades federales del sector salud han pronosticado un mayor nivel de incidencia de contagios y fallecimientos por Covid-19.<\/p>\n\n\n\n<figure class=\"wp-block-embed-twitter wp-block-embed is-type-rich is-provider-twitter\"><div class=\"wp-block-embed__wrapper\">\n<div class=\"twitter-tweet\"><blockquote class=\"twitter-tweet\" data-lang=\"es\"><p lang=\"es\" dir=\"ltr\"><a href=\"https:\/\/twitter.com\/hashtag\/Qu%C3%A9dateEnCasaYa?src=hash&amp;ref_src=twsrc%5Etfw\">#Qu\u00e9dateEnCasaYa<\/a><br>(3) Los bancos tambi\u00e9n tienen filas hasta de una vuelta completa a una cuadra, como el Citibanamex de Hidalgo y Armenta y L\u00f3pez,adem\u00e1s de otras sucursales de la ciudad de Oaxaca;ya no hay elementos de la Polic\u00eda Municipal ofreciendo gel y cuidando sana distancia. <a href=\"https:\/\/t.co\/0SsRy8qx3T\">pic.twitter.com\/0SsRy8qx3T<\/a><\/p>&mdash; Zona Roja Oaxaca (@MexRoja) <a href=\"https:\/\/twitter.com\/MexRoja\/status\/1257425733527449612?ref_src=twsrc%5Etfw\">4 de mayo de 2020<\/a><\/blockquote><\/div>\n<\/div><\/figure>\n\n\n\n<p><\/p>\n","protected":false},"excerpt":{"rendered":"<p>Yuridiana Sosa\/Zona Roja. Oaxaca de Ju\u00e1rez, Oax., 4 de mayo de 2020.- A pesar de&hellip;<\/p>\n","protected":false},"author":2,"featured_media":11960,"comment_status":"closed","ping_status":"open","sticky":false,"template":"","format":"standard","meta":{"_lmt_disableupdate":"","_lmt_disable":"","_jetpack_memberships_contains_paid_content":false,"footnotes":""},"categories":[109,47],"tags":[833],"class_list":["post-11959","post","type-post","status-publish","format-standard","has-post-thumbnail","hentry","category-minuto-a-minuto","category-zona-gris","tag-monte-de-piedad-del-estado-de-oaxaca"],"jetpack_featured_media_url":"https:\/\/zonaroja.com.mx\/wp-content\/uploads\/2020\/05\/IMG_7756.jpg","jetpack_sharing_enabled":true,"_links":{"self":[{"href":"https:\/\/zonaroja.com.mx\/index.php?rest_route=\/wp\/v2\/posts\/11959","targetHints":{"allow":["GET"]}}],"collection":[{"href":"https:\/\/zonaroja.com.mx\/index.php?rest_route=\/wp\/v2\/posts"}],"about":[{"href":"https:\/\/zonaroja.com.mx\/index.php?rest_route=\/wp\/v2\/types\/post"}],"author":[{"embeddable":true,"href":"https:\/\/zonaroja.com.mx\/index.php?rest_route=\/wp\/v2\/users\/2"}],"replies":[{"embeddable":true,"href":"https:\/\/zonaroja.com.mx\/index.php?rest_route=%2Fwp%2Fv2%2Fcomments&post=11959"}],"version-history":[{"count":1,"href":"https:\/\/zonaroja.com.mx\/index.php?rest_route=\/wp\/v2\/posts\/11959\/revisions"}],"predecessor-version":[{"id":11961,"href":"https:\/\/zonaroja.com.mx\/index.php?rest_route=\/wp\/v2\/posts\/11959\/revisions\/11961"}],"wp:featuredmedia":[{"embeddable":true,"href":"https:\/\/zonaroja.com.mx\/index.php?rest_route=\/wp\/v2\/media\/11960"}],"wp:attachment":[{"href":"https:\/\/zonaroja.com.mx\/index.php?rest_route=%2Fwp%2Fv2%2Fmedia&parent=11959"}],"wp:term":[{"taxonomy":"category","embeddable":true,"href":"https:\/\/zonaroja.com.mx\/index.php?rest_route=%2Fwp%2Fv2%2Fcategories&post=11959"},{"taxonomy":"post_tag","embeddable":true,"href":"https:\/\/zonaroja.com.mx\/index.php?rest_route=%2Fwp%2Fv2%2Ftags&post=11959"}],"curies":[{"name":"wp","href":"https:\/\/api.w.org\/{rel}","templated":true}]}}