{"id":11962,"date":"2020-05-04T22:06:31","date_gmt":"2020-05-05T03:06:31","guid":{"rendered":"http:\/\/www.zonaroja.com.mx\/?p=11962"},"modified":"2020-05-04T22:06:33","modified_gmt":"2020-05-05T03:06:33","slug":"una-mujer-y-un-hombre-los-calcinados-en-bajo-mixe-matan-a-otro-en-huajuapan","status":"publish","type":"post","link":"https:\/\/zonaroja.com.mx\/?p=11962","title":{"rendered":"Una mujer y un hombre, los calcinados en Bajo Mixe; matan a otro en Huajuapan"},"content":{"rendered":"\n<p>Redacci\u00f3n\/Zona Roja.<\/p>\n\n\n\n<p>Oaxaca de Ju\u00e1rez, Oax., 4 de mayo de\n2020.- Como Jos\u00e9 Alberto y su esposa D\u00e9bora fueron identificadas las personas\ncalcinadas en el interior de su veh\u00edculo, el pasado viernes, en un camino de\nterracer\u00eda de la agencia Arroyo Pe\u00f1a Amarilla, del municipio de San Juan\nCotzoc\u00f3n Mixe.<\/p>\n\n\n\n<p>De acuerdo con informes preliminares de\nla Vicefiscal\u00eda Regional del Istmo, la pareja era originaria de Sayula de\nAlem\u00e1n, Veracruz, y a\u00fan se desconoce a qu\u00e9 acudieron a la comunidad oaxaque\u00f1a,\ndonde fue hallado el veh\u00edculo Nissan, tipo Versa.<\/p>\n\n\n\n<p>Los familiares de ambas personas\nasesinadas acudieron a la comandancia de la Agencia Estatal de Investigaciones\ncon sede en Palomares, Mat\u00edas Romero, a identificar los cad\u00e1veres, que\npresentaban adem\u00e1s impactos de armas de fuego.<\/p>\n\n\n\n<p>La unidad de motor era utilizada como\ntaxi en Sayula y ten\u00eda n\u00famero econ\u00f3mico 1161; los cuerpos fueron hallados en el\ninterior de la cajuela.<\/p>\n\n\n\n<p>MATAN A OTRO HOY<\/p>\n\n\n\n<p>Por otra parte este lunes fue asesinado\nun joven en una vivienda del centro de la ciudad de Huajuapan de Le\u00f3n, en la regi\u00f3n\nMixteca de Oaxaca.<\/p>\n\n\n\n<p>El cuerpo presentaba heridas de bala y\ncausadas por un arma blanca; los hechos sucedieron alrededor de las 11:00 horas\nen la casa ubicada en la calle 16 de Septiembre.<\/p>\n\n\n\n<p>La V\u00edctima fue identificada como\nWilliam Agust\u00edn G. G., de 26 a\u00f1os de edad y ten\u00eda su domicilio en la agencia de\nAcatlima, Huajuapan.<\/p>\n","protected":false},"excerpt":{"rendered":"<p>Redacci\u00f3n\/Zona Roja. Oaxaca de Ju\u00e1rez, Oax., 4 de mayo de 2020.- Como Jos\u00e9 Alberto y&hellip;<\/p>\n","protected":false},"author":2,"featured_media":11963,"comment_status":"closed","ping_status":"open","sticky":false,"template":"","format":"standard","meta":{"_lmt_disableupdate":"","_lmt_disable":"","_jetpack_memberships_contains_paid_content":false,"footnotes":""},"categories":[109,51],"tags":[1135],"class_list":["post-11962","post","type-post","status-publish","format-standard","has-post-thumbnail","hentry","category-minuto-a-minuto","category-zona-roja","tag-san-juan-cotzocon-mixe"],"jetpack_featured_media_url":"https:\/\/zonaroja.com.mx\/wp-content\/uploads\/2020\/05\/PHOTO-2020-05-04-08-40-46.jpg","jetpack_sharing_enabled":true,"_links":{"self":[{"href":"https:\/\/zonaroja.com.mx\/index.php?rest_route=\/wp\/v2\/posts\/11962","targetHints":{"allow":["GET"]}}],"collection":[{"href":"https:\/\/zonaroja.com.mx\/index.php?rest_route=\/wp\/v2\/posts"}],"about":[{"href":"https:\/\/zonaroja.com.mx\/index.php?rest_route=\/wp\/v2\/types\/post"}],"author":[{"embeddable":true,"href":"https:\/\/zonaroja.com.mx\/index.php?rest_route=\/wp\/v2\/users\/2"}],"replies":[{"embeddable":true,"href":"https:\/\/zonaroja.com.mx\/index.php?rest_route=%2Fwp%2Fv2%2Fcomments&post=11962"}],"version-history":[{"count":1,"href":"https:\/\/zonaroja.com.mx\/index.php?rest_route=\/wp\/v2\/posts\/11962\/revisions"}],"predecessor-version":[{"id":11964,"href":"https:\/\/zonaroja.com.mx\/index.php?rest_route=\/wp\/v2\/posts\/11962\/revisions\/11964"}],"wp:featuredmedia":[{"embeddable":true,"href":"https:\/\/zonaroja.com.mx\/index.php?rest_route=\/wp\/v2\/media\/11963"}],"wp:attachment":[{"href":"https:\/\/zonaroja.com.mx\/index.php?rest_route=%2Fwp%2Fv2%2Fmedia&parent=11962"}],"wp:term":[{"taxonomy":"category","embeddable":true,"href":"https:\/\/zonaroja.com.mx\/index.php?rest_route=%2Fwp%2Fv2%2Fcategories&post=11962"},{"taxonomy":"post_tag","embeddable":true,"href":"https:\/\/zonaroja.com.mx\/index.php?rest_route=%2Fwp%2Fv2%2Ftags&post=11962"}],"curies":[{"name":"wp","href":"https:\/\/api.w.org\/{rel}","templated":true}]}}