{"id":11971,"date":"2020-05-05T07:25:53","date_gmt":"2020-05-05T12:25:53","guid":{"rendered":"http:\/\/www.zonaroja.com.mx\/?p=11971"},"modified":"2020-05-05T07:25:57","modified_gmt":"2020-05-05T12:25:57","slug":"llegaria-mexico-a-seis-mil-muertos-por-coronavirus","status":"publish","type":"post","link":"https:\/\/zonaroja.com.mx\/?p=11971","title":{"rendered":"Llegar\u00eda M\u00e9xico a seis mil muertos por coronavirus"},"content":{"rendered":"\n<p>Redacci\u00f3n\/Zona Roja Cdmx.<\/p>\n\n\n\n<p>Ciudad de M\u00e9xico, 5 de mayo de 2020.- Al\ncorte de la noche de este lunes, la Secretar\u00eda de Salud report\u00f3 que en las\n\u00faltimas 24 horas se registraron 117 muertes m\u00e1s por Covid-19, con lo que suman\n2 mil 271 decesos en M\u00e9xico.<\/p>\n\n\n\n<p>Adem\u00e1s, ocurrieron mil 434 casos, lo\nque da un acumulado de 24 mil 905 casos positivos de coronavirus en el pa\u00eds.<\/p>\n\n\n\n<p>De acuerdo con Hugo L\u00f3pez-Gatell,\nsubsecretario de Prevenci\u00f3n y Promoci\u00f3n de la Salud, por el coronavirus, seis\nmil personas podr\u00edan fallecer y se dijo poco optimista en tener una vacuna para\nlos pr\u00f3ximos meses. <\/p>\n\n\n\n<p>\u00abAhorita tenemos dos mil 271\npersonas que han perdido la vida, estamos cerca del punto medio de la curva\nepid\u00e9mica, en el descenso de \u00e9sta podemos tener las otras muertes, y con ello\nya tendr\u00edamos casi 6 mil\u00bb, explic\u00f3. <\/p>\n\n\n\n<p>En la conferencia de prensa diaria para\ninformar sobre la situaci\u00f3n del pa\u00eds respecto al coronavirus, L\u00f3pez-Gatell dijo\nque al d\u00eda de hoy, cinco de cada 100 mil personas podr\u00edan tener covid-19.<\/p>\n\n\n\n<p>\u00abDe cada 100 mil habitantes, 5.4\ntienen covid-19 en este momento y la cifra va cambiando conforme haya m\u00e1s\ncasos\u00bb, reiter\u00f3.<\/p>\n\n\n\n<p>Se dijo no optimista de tener pronto\nuna vacuna contra el covid-19 \u00abNunca se ha visto que una vacuna se logre\ntener en un periodo sumamente r\u00e1pido, podr\u00edamos hablar de cuatro o cinco a\u00f1os.\nHoy se ha hablado que entre los distintos mecanismos de facilitaci\u00f3n que hay\nentre gobiernos y la ayuda de la Organizaci\u00f3n de la Salud se podr\u00eda reducir el\ntiempo a dos a\u00f1os o tres. Dif\u00edcilmente tendr\u00edamos una en el primer ciclo\nepid\u00e9mico\u00bb, refiri\u00f3.<\/p>\n","protected":false},"excerpt":{"rendered":"<p>Redacci\u00f3n\/Zona Roja Cdmx. Ciudad de M\u00e9xico, 5 de mayo de 2020.- Al corte de la&hellip;<\/p>\n","protected":false},"author":2,"featured_media":11972,"comment_status":"closed","ping_status":"open","sticky":false,"template":"","format":"standard","meta":{"_lmt_disableupdate":"","_lmt_disable":"","_jetpack_memberships_contains_paid_content":false,"footnotes":""},"categories":[109,47],"tags":[1328],"class_list":["post-11971","post","type-post","status-publish","format-standard","has-post-thumbnail","hentry","category-minuto-a-minuto","category-zona-gris","tag-coronavirus-mexico"],"jetpack_featured_media_url":"https:\/\/zonaroja.com.mx\/wp-content\/uploads\/2020\/05\/Gatell.jpg","jetpack_sharing_enabled":true,"_links":{"self":[{"href":"https:\/\/zonaroja.com.mx\/index.php?rest_route=\/wp\/v2\/posts\/11971","targetHints":{"allow":["GET"]}}],"collection":[{"href":"https:\/\/zonaroja.com.mx\/index.php?rest_route=\/wp\/v2\/posts"}],"about":[{"href":"https:\/\/zonaroja.com.mx\/index.php?rest_route=\/wp\/v2\/types\/post"}],"author":[{"embeddable":true,"href":"https:\/\/zonaroja.com.mx\/index.php?rest_route=\/wp\/v2\/users\/2"}],"replies":[{"embeddable":true,"href":"https:\/\/zonaroja.com.mx\/index.php?rest_route=%2Fwp%2Fv2%2Fcomments&post=11971"}],"version-history":[{"count":1,"href":"https:\/\/zonaroja.com.mx\/index.php?rest_route=\/wp\/v2\/posts\/11971\/revisions"}],"predecessor-version":[{"id":11973,"href":"https:\/\/zonaroja.com.mx\/index.php?rest_route=\/wp\/v2\/posts\/11971\/revisions\/11973"}],"wp:featuredmedia":[{"embeddable":true,"href":"https:\/\/zonaroja.com.mx\/index.php?rest_route=\/wp\/v2\/media\/11972"}],"wp:attachment":[{"href":"https:\/\/zonaroja.com.mx\/index.php?rest_route=%2Fwp%2Fv2%2Fmedia&parent=11971"}],"wp:term":[{"taxonomy":"category","embeddable":true,"href":"https:\/\/zonaroja.com.mx\/index.php?rest_route=%2Fwp%2Fv2%2Fcategories&post=11971"},{"taxonomy":"post_tag","embeddable":true,"href":"https:\/\/zonaroja.com.mx\/index.php?rest_route=%2Fwp%2Fv2%2Ftags&post=11971"}],"curies":[{"name":"wp","href":"https:\/\/api.w.org\/{rel}","templated":true}]}}