{"id":11974,"date":"2020-05-05T07:39:23","date_gmt":"2020-05-05T12:39:23","guid":{"rendered":"http:\/\/www.zonaroja.com.mx\/?p=11974"},"modified":"2020-05-05T07:39:25","modified_gmt":"2020-05-05T12:39:25","slug":"urge-diputada-campana-en-lenguas-indigenas-para-contener-covid-19","status":"publish","type":"post","link":"https:\/\/zonaroja.com.mx\/?p=11974","title":{"rendered":"Urge diputada campa\u00f1a en lenguas ind\u00edgenas para contener Covid-19"},"content":{"rendered":"\n<p>Redacci\u00f3n\/Zona Roja.<\/p>\n\n\n\n<p>Oaxaca de Ju\u00e1rez, Oax., 5 de mayo de\n2020.- Con la finalidad de que las comunidades ind\u00edgenas y afromexicana de\nOaxaca cuenten con mayor informaci\u00f3n respecto a las medidas de mitigaci\u00f3n del\nnuevo coronavirus, la diputada local Magaly L\u00f3pez, plante\u00f3 una iniciativa de ley\npara redireccionar el presupuesto destinado a vi\u00e1ticos, pasajes, gastos\npersonales y dem\u00e1s no esenciales en el presupuesto de egresos para realizar una\ncampa\u00f1a en lenguas originarias. <\/p>\n\n\n\n<p>En su exposici\u00f3n de motivos, la\nlegisladora refiri\u00f3 que en la Constituci\u00f3n Pol\u00edtica de los Estados Unidos\nMexicanos, se define a las lenguas ind\u00edgenas como instrumento v\u00e1lido para\ncualquier asunto o tr\u00e1mite de car\u00e1cter p\u00fablico, as\u00ed como para acceder plenamente\na la gesti\u00f3n, servicios e informaci\u00f3n p\u00fablica. Entre los servicios, obviamente,\nse encuentran los de salud.<\/p>\n\n\n\n<p>Magaly L\u00f3pez se\u00f1al\u00f3 que, de acuerdo con\ncifras del INEGI, Oaxaca es el estado de la Rep\u00fablica Mexicana con m\u00e1s\npoblaci\u00f3n de tres a\u00f1os y m\u00e1s hablante de lengua ind\u00edgena. <\/p>\n\n\n\n<p>Seg\u00fan cifras oficiales actualizadas a\n2015, la poblaci\u00f3n total en Oaxaca es de tres millones 967 mil 889 personas, de\nlas cuales un mill\u00f3n 205 mil 886 son hablantes de alguna lengua ind\u00edgena.<\/p>\n\n\n\n<p>Dijo que en el contexto de la pandemia\npor el Covid-19, si bien es cierto que diversas comunidades ind\u00edgenas ya han\ntomado medidas de prevenci\u00f3n para contener el avance de los contagios, \u201cno es\nposible tener la certeza de que la informaci\u00f3n oficial est\u00e9 siendo recibida\ncorrectamente, en tanto que se difunde exclusivamente en espa\u00f1ol.<\/p>\n\n\n\n<p>\u201cAunque hay algunas iniciativas civiles\ny de los propios pueblos por realizar traducciones, es indispensable garantizar\nque los pueblos y comunidades ind\u00edgenas tengan acceso a la informaci\u00f3n oficial,\npor las v\u00edas oficiales, para que realmente puedan acceder a la jurisdicci\u00f3n del\nEstado en materia de salud\u201d, expuso.<\/p>\n\n\n\n<p>La iniciativa fue presentada de urgente\nresoluci\u00f3n para que a la brevedad las comunidades ind\u00edgenas cuenten con\ninformaci\u00f3n respecto a la pandemia en sus lenguas originarias y fue turnada a\nla Comisi\u00f3n Permanente de Presupuesto del Congreso local para su an\u00e1lisis.<\/p>\n","protected":false},"excerpt":{"rendered":"<p>Redacci\u00f3n\/Zona Roja. Oaxaca de Ju\u00e1rez, Oax., 5 de mayo de 2020.- Con la finalidad de&hellip;<\/p>\n","protected":false},"author":2,"featured_media":11975,"comment_status":"closed","ping_status":"open","sticky":false,"template":"","format":"standard","meta":{"_lmt_disableupdate":"","_lmt_disable":"","_jetpack_memberships_contains_paid_content":false,"footnotes":""},"categories":[109,47],"tags":[192],"class_list":["post-11974","post","type-post","status-publish","format-standard","has-post-thumbnail","hentry","category-minuto-a-minuto","category-zona-gris","tag-diputada-magaly-lopez-dominguez"],"jetpack_featured_media_url":"https:\/\/zonaroja.com.mx\/wp-content\/uploads\/2020\/05\/Urge-diputada-campan\u0303a-en-lenguas-indi\u0301genas-paracontener-COVID-19.jpeg","jetpack_sharing_enabled":true,"_links":{"self":[{"href":"https:\/\/zonaroja.com.mx\/index.php?rest_route=\/wp\/v2\/posts\/11974","targetHints":{"allow":["GET"]}}],"collection":[{"href":"https:\/\/zonaroja.com.mx\/index.php?rest_route=\/wp\/v2\/posts"}],"about":[{"href":"https:\/\/zonaroja.com.mx\/index.php?rest_route=\/wp\/v2\/types\/post"}],"author":[{"embeddable":true,"href":"https:\/\/zonaroja.com.mx\/index.php?rest_route=\/wp\/v2\/users\/2"}],"replies":[{"embeddable":true,"href":"https:\/\/zonaroja.com.mx\/index.php?rest_route=%2Fwp%2Fv2%2Fcomments&post=11974"}],"version-history":[{"count":1,"href":"https:\/\/zonaroja.com.mx\/index.php?rest_route=\/wp\/v2\/posts\/11974\/revisions"}],"predecessor-version":[{"id":11976,"href":"https:\/\/zonaroja.com.mx\/index.php?rest_route=\/wp\/v2\/posts\/11974\/revisions\/11976"}],"wp:featuredmedia":[{"embeddable":true,"href":"https:\/\/zonaroja.com.mx\/index.php?rest_route=\/wp\/v2\/media\/11975"}],"wp:attachment":[{"href":"https:\/\/zonaroja.com.mx\/index.php?rest_route=%2Fwp%2Fv2%2Fmedia&parent=11974"}],"wp:term":[{"taxonomy":"category","embeddable":true,"href":"https:\/\/zonaroja.com.mx\/index.php?rest_route=%2Fwp%2Fv2%2Fcategories&post=11974"},{"taxonomy":"post_tag","embeddable":true,"href":"https:\/\/zonaroja.com.mx\/index.php?rest_route=%2Fwp%2Fv2%2Ftags&post=11974"}],"curies":[{"name":"wp","href":"https:\/\/api.w.org\/{rel}","templated":true}]}}