{"id":11985,"date":"2020-05-05T13:54:54","date_gmt":"2020-05-05T18:54:54","guid":{"rendered":"http:\/\/www.zonaroja.com.mx\/?p=11985"},"modified":"2020-05-05T13:54:57","modified_gmt":"2020-05-05T18:54:57","slug":"comerciante-denuncia-asalto-armado-5-dias-despues-no-indaga-fiscalia","status":"publish","type":"post","link":"https:\/\/zonaroja.com.mx\/?p=11985","title":{"rendered":"Comerciante denuncia asalto armado\u2026 5 d\u00edas despu\u00e9s no indaga Fiscal\u00eda"},"content":{"rendered":"\n<p>Evlin Arag\u00f3n<\/p>\n\n\n\n<p>Oaxaca de Ju\u00e1rez, Oax., 5 de mayo de\n2020.- \u201cMe indigno y me pongo triste por la situaci\u00f3n que estamos viviendo la\ngente m\u00e1s humilde, la gente trabajadora, la gente honrada que si queremos salir\nadelante trabajando. Y la gente deshonesta que se dedica a la delincuencia est\u00e1\ncon la mano en la cintura libre\u201d.<\/p>\n\n\n\n<p>Esa son las palabras de Cecilia R\u00edos\nAltamirano, que esta ma\u00f1ana denunci\u00f3 en el exterior de la Defensor\u00eda de los\nDerechos Humanos del Pueblo de Oaxaca, en la capital del estado, el asalto por\nparte de un grupo armado del que fue v\u00edctima la semana pasada.<\/p>\n\n\n\n<p>Los hechos ocurrieron el pasado mi\u00e9rcoles cuando la mujer originaria de Jalapa del Marqu\u00e9s y de oficio comerciante, fue asaltada a mano armada en la carretera 190 Oaxaca-Istmo, en jurisdicci\u00f3n de San Dionicio Ocotepec, mientras se trasladaba junto con su esposo y una sobrina menor de edad a bordo de una camioneta repleta de mango, que buscaba colocar en la capital oaxaque\u00f1a.<\/p>\n\n\n\n<figure class=\"wp-block-embed-twitter wp-block-embed is-type-rich is-provider-twitter\"><div class=\"wp-block-embed__wrapper\">\n<div class=\"twitter-tweet\"><blockquote class=\"twitter-tweet\" data-lang=\"es\"><p lang=\"es\" dir=\"ltr\"><a href=\"https:\/\/twitter.com\/hashtag\/OaxacaRojo?src=hash&amp;ref_src=twsrc%5Etfw\">#OaxacaRojo<\/a><br>Una comerciante denunci\u00f3 hoy que fue asaltada a balazos el jueves por la noche en la v\u00eda federal 190, en inmediaciones de San Dionisio Ocotepec, <a href=\"https:\/\/twitter.com\/hashtag\/Oaxaca?src=hash&amp;ref_src=twsrc%5Etfw\">#Oaxaca<\/a>. <br>Desde esa fecha, no han acudido peritos de la <a href=\"https:\/\/twitter.com\/FISCALIA_GobOax?ref_src=twsrc%5Etfw\">@FISCALIA_GobOax<\/a>; exige justicia y freno a ola delictiva. <a href=\"https:\/\/t.co\/DhdZZdgylP\">pic.twitter.com\/DhdZZdgylP<\/a><\/p>&mdash; Zona Roja Oaxaca (@MexRoja) <a href=\"https:\/\/twitter.com\/MexRoja\/status\/1257735350153338891?ref_src=twsrc%5Etfw\">5 de mayo de 2020<\/a><\/blockquote><\/div>\n<\/div><\/figure>\n\n\n\n<p>La mujer present\u00f3 su denuncia ante el\nMinisterio P\u00fablico de Tlacolula, dependiente de la Fiscal\u00eda General del Estado,\nque se comprometi\u00f3 a acudir al lugar de los hechos con los peritos\ncorrespondientes y para lo cual pidieron no mover la unidad; sin embargo, las\nautoridades nunca llegaron a realizar las indagatorias correspondientes.<\/p>\n\n\n\n<p>\u201cNo han hecho su trabajo bien. Se les\nha hecho muy largo el camino para llegar a hacer su trabajo. Es claro que esto\nno va a proceder debido al p\u00e9simo trabajo de las autoridades. Yo lo \u00fanico que\nquiero es que hagan su trabajo bien porque al final de cuentas con mis\nimpuestos est\u00e1n gozando de un sueldo\u201d, dijo la mujer evidentemente indignada\ncon la situaci\u00f3n.<\/p>\n\n\n\n<p>Y es que despu\u00e9s de seis d\u00edas de\nocurridos los hechos, las autoridades siguen sin llegar al lugar en donde\nincluso hubo detonaciones de armas de fuego, raz\u00f3n por la que esta ma\u00f1ana la\nmujer present\u00f3 una queja ante la Defensor\u00eda de los Derechos Humanos en contra\nde la Fiscal\u00eda General con sede en Tlacolula, que no ha cumplido con su\nobligaci\u00f3n.<\/p>\n\n\n\n<p>\u201cNo se me hace justo lo que est\u00e1n\nhaciendo, se hacen los lolos y no hacen su trabajo. Que hagan su trabajo por\neso se les paga. Exijo justicia. Ya basta, ya estuvo bien de tantas pendejadas\nque hacen. No voy a estar arriesgando mi vida, yo tengo familia que sacar\nadelante\u201d, asegur\u00f3.<\/p>\n\n\n\n<p>De acuerdo con Cecilia R\u00edos, el actuar\ndeficiente de las autoridades contribuye a que la poblaci\u00f3n no denuncie, ya que\nes mucha la p\u00e9rdida de tiempo y escaso el resultado de gente que no realiza su\ntrabajo, como en el caso de la Fiscal\u00eda.\n\nFinalmente, lament\u00f3 que en estos momentos no exista autoridad competente\nque pueda frenar la violencia que se registra en ese tramo carretero de\ncar\u00e1cter federal y en el cual todos los niveles de gobierno se echan la bolita\npero nadie garantiza la seguridad de quienes transitan en la zona.\n\n\n\n<\/p>\n","protected":false},"excerpt":{"rendered":"<p>Evlin Arag\u00f3n Oaxaca de Ju\u00e1rez, Oax., 5 de mayo de 2020.- \u201cMe indigno y me&hellip;<\/p>\n","protected":false},"author":2,"featured_media":11986,"comment_status":"closed","ping_status":"open","sticky":false,"template":"","format":"standard","meta":{"_lmt_disableupdate":"","_lmt_disable":"","_jetpack_memberships_contains_paid_content":false,"footnotes":""},"categories":[109,51],"tags":[1658],"class_list":["post-11985","post","type-post","status-publish","format-standard","has-post-thumbnail","hentry","category-minuto-a-minuto","category-zona-roja","tag-comerciante-asaltada-jalapa-del-marques"],"jetpack_featured_media_url":"https:\/\/zonaroja.com.mx\/wp-content\/uploads\/2020\/05\/IMG_8077.jpg","jetpack_sharing_enabled":true,"_links":{"self":[{"href":"https:\/\/zonaroja.com.mx\/index.php?rest_route=\/wp\/v2\/posts\/11985","targetHints":{"allow":["GET"]}}],"collection":[{"href":"https:\/\/zonaroja.com.mx\/index.php?rest_route=\/wp\/v2\/posts"}],"about":[{"href":"https:\/\/zonaroja.com.mx\/index.php?rest_route=\/wp\/v2\/types\/post"}],"author":[{"embeddable":true,"href":"https:\/\/zonaroja.com.mx\/index.php?rest_route=\/wp\/v2\/users\/2"}],"replies":[{"embeddable":true,"href":"https:\/\/zonaroja.com.mx\/index.php?rest_route=%2Fwp%2Fv2%2Fcomments&post=11985"}],"version-history":[{"count":1,"href":"https:\/\/zonaroja.com.mx\/index.php?rest_route=\/wp\/v2\/posts\/11985\/revisions"}],"predecessor-version":[{"id":11987,"href":"https:\/\/zonaroja.com.mx\/index.php?rest_route=\/wp\/v2\/posts\/11985\/revisions\/11987"}],"wp:featuredmedia":[{"embeddable":true,"href":"https:\/\/zonaroja.com.mx\/index.php?rest_route=\/wp\/v2\/media\/11986"}],"wp:attachment":[{"href":"https:\/\/zonaroja.com.mx\/index.php?rest_route=%2Fwp%2Fv2%2Fmedia&parent=11985"}],"wp:term":[{"taxonomy":"category","embeddable":true,"href":"https:\/\/zonaroja.com.mx\/index.php?rest_route=%2Fwp%2Fv2%2Fcategories&post=11985"},{"taxonomy":"post_tag","embeddable":true,"href":"https:\/\/zonaroja.com.mx\/index.php?rest_route=%2Fwp%2Fv2%2Ftags&post=11985"}],"curies":[{"name":"wp","href":"https:\/\/api.w.org\/{rel}","templated":true}]}}