{"id":11988,"date":"2020-05-05T14:31:51","date_gmt":"2020-05-05T19:31:51","guid":{"rendered":"http:\/\/www.zonaroja.com.mx\/?p=11988"},"modified":"2020-05-05T14:40:22","modified_gmt":"2020-05-05T19:40:22","slug":"en-24-horas-incendio-en-ayutla-devasta-cerca-de-80-hectareas","status":"publish","type":"post","link":"https:\/\/zonaroja.com.mx\/?p=11988","title":{"rendered":"En 24 horas, incendio en Ayutla devasta cerca de 80 hect\u00e1reas"},"content":{"rendered":"\n<p>Yuridiana Sosa\/Zona Roja.<\/p>\n\n\n\n<p>Oaxaca de Ju\u00e1rez, Oax., 5 de mayo de\n2020.- El tercer incendio de este a\u00f1o en San Pablo y San Pedro Ayutla Mixe,\nregistrado este lunes, ha siniestrado un aproximado de 80 hect\u00e1reas, inform\u00f3 la\nComisi\u00f3n Estatal Forestal (Coesfo).<\/p>\n\n\n\n<p>La conflagraci\u00f3n registrada en los parajes de \u201cEl Para\u00edso\u201d y \u201cVista Hermosa\u201d contin\u00faa, pero se encuentra vigilada por elementos de tres brigadas de la Coesfo, por lo que esperan que en las pr\u00f3ximas horas de este martes el fuego se liquide; pobladores de Ayutla reportaron una persona lesionada.<\/p>\n\n\n\n<p>El coordinador de Incendios de la\nCoesfo, Jos\u00e9 Luis Leyva, indic\u00f3 que los brigadistas abrieron brechas cortafuegos\nalrededor del incendio, para evitar que avance, lo cual mantienen en vigilancia\ndesde la ma\u00f1ana de este martes tras varias horas de trabajo en el lugar.<\/p>\n\n\n\n<p>El siniestro se localiza en zona colindante con los municipios de Santa Mar\u00eda Tlahuitoltepec y con Tamazul\u00e1pam del Esp\u00edritu Santo, con quien Ayutla mantiene un conflicto que los ha dejado sin agua desde hace casi tres a\u00f1os. Para llegar son cerca de dos horas de trayecto, un tramo en veh\u00edculo y otro a pie.<\/p>\n\n\n\n<figure class=\"wp-block-embed-twitter wp-block-embed is-type-rich is-provider-twitter\"><div class=\"wp-block-embed__wrapper\">\n<div class=\"twitter-tweet\"><blockquote class=\"twitter-tweet\" data-lang=\"es\"><p lang=\"es\" dir=\"ltr\">En cuesti\u00f3n de segundos el fuego nos acorral\u00f3, alcanzamos a correr, realmente fue un momento aterrador, este video es de momentos despu\u00e9s. <a href=\"https:\/\/t.co\/Xxg7eA41iE\">pic.twitter.com\/Xxg7eA41iE<\/a><\/p>&mdash; Joaqu\u00edn Galv\u00e1n (@quinomixe) <a href=\"https:\/\/twitter.com\/quinomixe\/status\/1257486714077134849?ref_src=twsrc%5Etfw\">5 de mayo de 2020<\/a><\/blockquote><\/div>\n<\/div><\/figure>\n\n\n\n<p>Apenas el pasado 22 de abril se\nregistr\u00f3 un incendio en esta comunidad mixe de la Sierra Norte de Oaxaca. Al\nhecho le antecedi\u00f3 un siniestro ocurrido el 31 de marzo en inmediaciones del\nparaje de \u201cCerro Pel\u00f3n\u201d y \u201cLa Laguna\u201d.<\/p>\n\n\n\n<p>El coordinador indic\u00f3 que el motivo\nprincipal son las actividades agr\u00edcolas, en el sistema de roza, tumba y quema,\nel cual se sale de control. Esta actividad, dijo, se debe realizar antes de las\n11:00 horas para que el calor del sol y el viento no afecten la faena. El \u00e1rea\nafectada est\u00e1 compuesta principalmente por bosque de pino.<\/p>\n\n\n\n<p>VAN 159 INCENDIOS EN 2020<\/p>\n\n\n\n<p>A su vez, el titular de la Coesfo,\nAar\u00f3n Ju\u00e1rez, inform\u00f3 que al corte de este martes se han contabilizad 159\nincendios forestales, de los que ocho siguen activos, uno controlado y 148\nliquidados.<\/p>\n\n\n\n<p>Detall\u00f3 que los incendios activos se\nlocalizan en Santo Domingo Teojomulco, en l\u00edmites con San Lorenzo Texmelucan,\nen la regi\u00f3n de Sierra Sur;&nbsp; en San Pedro\ny San Pablo Ayutla, Mixe, Sierra Norte.<\/p>\n\n\n\n<p>Adem\u00e1s, en el paraje \u201cMono Pelado\u201d del\nmunicipio de Santa Mar\u00eda Chimalapa, en el Istmo; en Yogana, Ejutla de Crespo, regi\u00f3n\nde Valles Centrales, situado en punto trino con San Vicente Coatl\u00e1n y Sola de\nVega.<\/p>\n\n\n\n<p>Otros m\u00e1s se localizan en San Juan\nCopala, Santiago Juxtlahuaca, en la regi\u00f3n Mixteca, as\u00ed como la comunidad de\nRa\u00edz de Laollaga de San Juan Lachixila, de Nejapa de Madero, en la Sierra Sur;\nen el sitio \u201cEl platanar\u201d de Santa Catarina Juquila, y en paraje de \u201cBenito\nJu\u00e1rez\u201d y \u201cSan Antonio2 del municipio de San Miguel Chimalapa.<\/p>\n\n\n\n<p>Mientras que el incendio controlado el pasado 1 de mayo fue el registrado en San Mateo Yucutindoo en l\u00edmites con Santiago Amoltepec, en la regi\u00f3n de Sierra Sur.<\/p>\n\n\n\n<figure class=\"wp-block-embed-twitter wp-block-embed is-type-rich is-provider-twitter\"><div class=\"wp-block-embed__wrapper\">\n<div class=\"twitter-tweet\"><blockquote class=\"twitter-tweet\" data-lang=\"es\"><p lang=\"es\" dir=\"ltr\">El Gobierno del Estado que encabeza <a href=\"https:\/\/twitter.com\/alejandromurat?ref_src=twsrc%5Etfw\">@alejandromurat<\/a> a trav\u00e9s de la <a href=\"https:\/\/twitter.com\/COESFO_GobOax?ref_src=twsrc%5Etfw\">@COESFO_GobOax<\/a> combate el incendio forestal en San Pedro y San Pablo Ayutla. <a href=\"https:\/\/twitter.com\/HectorA_Mafud?ref_src=twsrc%5Etfw\">@HectorA_Mafud<\/a> <a href=\"https:\/\/twitter.com\/samygurrion?ref_src=twsrc%5Etfw\">@samygurrion<\/a> <a href=\"https:\/\/twitter.com\/gabriel_cue?ref_src=twsrc%5Etfw\">@gabriel_cue<\/a> <a href=\"https:\/\/t.co\/br090nz0fu\">pic.twitter.com\/br090nz0fu<\/a><\/p>&mdash; Alfredo Aaron Juarez (@Aaron_Juarez) <a href=\"https:\/\/twitter.com\/Aaron_Juarez\/status\/1257442661633581063?ref_src=twsrc%5Etfw\">4 de mayo de 2020<\/a><\/blockquote><\/div>\n<\/div><\/figure>\n","protected":false},"excerpt":{"rendered":"<p>Yuridiana Sosa\/Zona Roja. Oaxaca de Ju\u00e1rez, Oax., 5 de mayo de 2020.- El tercer incendio&hellip;<\/p>\n","protected":false},"author":2,"featured_media":11989,"comment_status":"closed","ping_status":"open","sticky":false,"template":"","format":"standard","meta":{"_lmt_disableupdate":"","_lmt_disable":"","_jetpack_memberships_contains_paid_content":false,"footnotes":""},"categories":[109,47],"tags":[501],"class_list":["post-11988","post","type-post","status-publish","format-standard","has-post-thumbnail","hentry","category-minuto-a-minuto","category-zona-gris","tag-san-pedro-y-san-pablo-ayutla-mixe"],"jetpack_featured_media_url":"https:\/\/zonaroja.com.mx\/wp-content\/uploads\/2020\/05\/Image-1-56-1.png","jetpack_sharing_enabled":true,"_links":{"self":[{"href":"https:\/\/zonaroja.com.mx\/index.php?rest_route=\/wp\/v2\/posts\/11988","targetHints":{"allow":["GET"]}}],"collection":[{"href":"https:\/\/zonaroja.com.mx\/index.php?rest_route=\/wp\/v2\/posts"}],"about":[{"href":"https:\/\/zonaroja.com.mx\/index.php?rest_route=\/wp\/v2\/types\/post"}],"author":[{"embeddable":true,"href":"https:\/\/zonaroja.com.mx\/index.php?rest_route=\/wp\/v2\/users\/2"}],"replies":[{"embeddable":true,"href":"https:\/\/zonaroja.com.mx\/index.php?rest_route=%2Fwp%2Fv2%2Fcomments&post=11988"}],"version-history":[{"count":2,"href":"https:\/\/zonaroja.com.mx\/index.php?rest_route=\/wp\/v2\/posts\/11988\/revisions"}],"predecessor-version":[{"id":11992,"href":"https:\/\/zonaroja.com.mx\/index.php?rest_route=\/wp\/v2\/posts\/11988\/revisions\/11992"}],"wp:featuredmedia":[{"embeddable":true,"href":"https:\/\/zonaroja.com.mx\/index.php?rest_route=\/wp\/v2\/media\/11989"}],"wp:attachment":[{"href":"https:\/\/zonaroja.com.mx\/index.php?rest_route=%2Fwp%2Fv2%2Fmedia&parent=11988"}],"wp:term":[{"taxonomy":"category","embeddable":true,"href":"https:\/\/zonaroja.com.mx\/index.php?rest_route=%2Fwp%2Fv2%2Fcategories&post=11988"},{"taxonomy":"post_tag","embeddable":true,"href":"https:\/\/zonaroja.com.mx\/index.php?rest_route=%2Fwp%2Fv2%2Ftags&post=11988"}],"curies":[{"name":"wp","href":"https:\/\/api.w.org\/{rel}","templated":true}]}}