{"id":11993,"date":"2020-05-05T14:54:06","date_gmt":"2020-05-05T19:54:06","guid":{"rendered":"http:\/\/www.zonaroja.com.mx\/?p=11993"},"modified":"2020-05-05T14:54:09","modified_gmt":"2020-05-05T19:54:09","slug":"autoridades-municipales-clausuran-crematorio-irregular-en-san-sebastian-etla","status":"publish","type":"post","link":"https:\/\/zonaroja.com.mx\/?p=11993","title":{"rendered":"Autoridades municipales clausuran crematorio irregular en San Sebasti\u00e1n, Etla"},"content":{"rendered":"\n<p>Yuridiana Sosa\/Zona Roja.<\/p>\n\n\n\n<p>Oaxaca de Ju\u00e1rez, Oax.,5 de mayo de\n2020.- La autoridad municipal de San Pablo, Etla, clausur\u00f3 hoy un crematorio\npresuntamente clandestino, que funcionaba en la agencia de San Sebasti\u00e1n.<\/p>\n\n\n\n<p>Desde la semana pasada, vecinos de la zona,\nparticularmente del paraje \u201cLa Borcelana\u201d, expusieron su temor de ser\ncontagiados de Covid-19, ante la supuesta incineraci\u00f3n de personas que\npadecieron la enfermedad.<\/p>\n\n\n\n<p>Para evitar el ingreso de las carrozas\nf\u00fanebres, los pobladores del paraje instalaron al menos cinco bloqueos en los\naccesos a su comunidad, donde opera desde el 2017 el crematorio Agencia\nFuneraria Memorial, el cual supuestamente no cuenta con permisos locales para\nsu instalaci\u00f3n y funcionamiento.<\/p>\n\n\n\n<p>Pese a apercibimientos del ayuntamiento\nde San Pablo, la empresa continu\u00f3 sus actividades bajo el argumento que cuentan\ncon permisos de los Servicios de Salud de Oaxaca (SSO) y de instancias\nfederales, sin comprobar con documentos sus funciones legales.<\/p>\n\n\n\n<p>Recientemente, el representante del\nasentamiento, Vicente Rivas, indic\u00f3 que, aunque la empresa funeraria funciona\ndesde hace casi tres a\u00f1os, ahora les preocupa porque el ayuntamiento inform\u00f3\nque el propietario del lugar, Jos\u00e9 Luis Sald\u00edvar, dio a conocer que se han\ncremado cuerpos de ex pacientes de Covid-19.<\/p>\n\n\n\n<p>De acuerdo con informaci\u00f3n de la\nautoridad ejidal y municipal, no existen permisos para ese tipo de negocio,\npues la propiedad de adquiri\u00f3 para la construcci\u00f3n de una casa-habitaci\u00f3n.<\/p>\n\n\n\n<p>Adem\u00e1s, desde hace varias semanas la\nactividad no s\u00f3lo se hace de noche, ahora tambi\u00e9n se realiza durante el d\u00eda, lo\nque genera mayores molestias a la poblaci\u00f3n, pues despide malos olores.<\/p>\n\n\n\n<p>Hasta el momento ninguna autoridad\nsanitaria, del \u00e1mbito estatal o federal, ha hecho presencia en el sitio que se\nubica en inmediaciones de una bodega de Diconsa.<\/p>\n","protected":false},"excerpt":{"rendered":"<p>Yuridiana Sosa\/Zona Roja. Oaxaca de Ju\u00e1rez, Oax.,5 de mayo de 2020.- La autoridad municipal de&hellip;<\/p>\n","protected":false},"author":2,"featured_media":11994,"comment_status":"closed","ping_status":"open","sticky":false,"template":"","format":"standard","meta":{"_lmt_disableupdate":"","_lmt_disable":"","_jetpack_memberships_contains_paid_content":false,"footnotes":""},"categories":[109,47],"tags":[1659],"class_list":["post-11993","post","type-post","status-publish","format-standard","has-post-thumbnail","hentry","category-minuto-a-minuto","category-zona-gris","tag-san-sebastian-etla"],"jetpack_featured_media_url":"https:\/\/zonaroja.com.mx\/wp-content\/uploads\/2020\/05\/PHOTO-2020-05-05-13-29-26.jpg","jetpack_sharing_enabled":true,"_links":{"self":[{"href":"https:\/\/zonaroja.com.mx\/index.php?rest_route=\/wp\/v2\/posts\/11993","targetHints":{"allow":["GET"]}}],"collection":[{"href":"https:\/\/zonaroja.com.mx\/index.php?rest_route=\/wp\/v2\/posts"}],"about":[{"href":"https:\/\/zonaroja.com.mx\/index.php?rest_route=\/wp\/v2\/types\/post"}],"author":[{"embeddable":true,"href":"https:\/\/zonaroja.com.mx\/index.php?rest_route=\/wp\/v2\/users\/2"}],"replies":[{"embeddable":true,"href":"https:\/\/zonaroja.com.mx\/index.php?rest_route=%2Fwp%2Fv2%2Fcomments&post=11993"}],"version-history":[{"count":1,"href":"https:\/\/zonaroja.com.mx\/index.php?rest_route=\/wp\/v2\/posts\/11993\/revisions"}],"predecessor-version":[{"id":11995,"href":"https:\/\/zonaroja.com.mx\/index.php?rest_route=\/wp\/v2\/posts\/11993\/revisions\/11995"}],"wp:featuredmedia":[{"embeddable":true,"href":"https:\/\/zonaroja.com.mx\/index.php?rest_route=\/wp\/v2\/media\/11994"}],"wp:attachment":[{"href":"https:\/\/zonaroja.com.mx\/index.php?rest_route=%2Fwp%2Fv2%2Fmedia&parent=11993"}],"wp:term":[{"taxonomy":"category","embeddable":true,"href":"https:\/\/zonaroja.com.mx\/index.php?rest_route=%2Fwp%2Fv2%2Fcategories&post=11993"},{"taxonomy":"post_tag","embeddable":true,"href":"https:\/\/zonaroja.com.mx\/index.php?rest_route=%2Fwp%2Fv2%2Ftags&post=11993"}],"curies":[{"name":"wp","href":"https:\/\/api.w.org\/{rel}","templated":true}]}}