{"id":11999,"date":"2020-05-05T18:17:51","date_gmt":"2020-05-05T23:17:51","guid":{"rendered":"http:\/\/www.zonaroja.com.mx\/?p=11999"},"modified":"2020-05-05T18:17:54","modified_gmt":"2020-05-05T23:17:54","slug":"identifican-a-fallecidos-en-accidente-carretero-los-rescato-bomberos","status":"publish","type":"post","link":"https:\/\/zonaroja.com.mx\/?p=11999","title":{"rendered":"Identifican a fallecidos en accidente carretero; los rescat\u00f3 Bomberos"},"content":{"rendered":"\n<p>Redacci\u00f3n\/Zona Roja.<\/p>\n\n\n\n<p>Oaxaca de Ju\u00e1rez, Oax., 5 de mayo de\n2020.- Cuatro personas fallecidas y al menos cinco lesionadas es el saldo del\naccidente carretero de hoy en la v\u00eda federal 131 Oaxaca-Puerto Escondido, en\nque una camioneta de pasajeros cay\u00f3 a un barranco de m\u00e1s de 100 metros.<\/p>\n\n\n\n<p>Personal del Heroico Cuerpo de Bomberos\ny de la Polic\u00eda Vial Estatal, entre otras corporaciones, acudieron a la zona\npara apoyar el rescate de las v\u00edctimas del percance ocurrido este martes\nalrededor de las cinco de la ma\u00f1ana, en el paraje \u201cLas Calaveras\u201d de Villa Sola\nde Vega, aproximadamente en el kil\u00f3metro 87+400.<\/p>\n\n\n\n<p>De acuerdo con los primeros informes, los occisos fueron identificados como \u00c1ngel C. R., quien se desempe\u00f1aba como Bombero en Puerto Escondido; Josu\u00e9 Alexis P. M., de Pinotepa Nacional y conductor de la camioneta; Macario R. P. y \u00c1ngel Emanuel F. P., integrante del Ej\u00e9rcito Mexicano.<\/p>\n\n\n\n<figure class=\"wp-block-image\"><img decoding=\"async\" width=\"640\" height=\"480\" src=\"http:\/\/www.zonaroja.com.mx\/wp-content\/uploads\/2020\/05\/Accidente-Sola-de-Vega-3.jpg\" alt=\"\" class=\"wp-image-12000\" srcset=\"https:\/\/zonaroja.com.mx\/wp-content\/uploads\/2020\/05\/Accidente-Sola-de-Vega-3.jpg 640w, https:\/\/zonaroja.com.mx\/wp-content\/uploads\/2020\/05\/Accidente-Sola-de-Vega-3-300x225.jpg 300w, https:\/\/zonaroja.com.mx\/wp-content\/uploads\/2020\/05\/Accidente-Sola-de-Vega-3-585x439.jpg 585w\" sizes=\"(max-width: 640px) 100vw, 640px\" \/><\/figure>\n\n\n\n<p>Todos viajaban en una camioneta tipo\nUrvan, con n\u00famero econ\u00f3mico 11, de la l\u00ednea Villa Escondida, que hab\u00eda salido\nde Puerto Escondido, Oaxaca, con destino a la capital.<\/p>\n\n\n\n<p>Los nombres de los lesionados que\nfueron dados a conocer de manera preliminar son Juana Jes\u00fas Mendoza Rojas, de\nVilla Sola de Vega; Apolonio V\u00e1squez P\u00e9rez, de Santa Mar\u00eda Huatulco; Marcos\nCort\u00e9s Jarqu\u00edn, de R\u00edo Grande, Villa de Tututepec.<\/p>\n\n\n\n<p>Asimismo, El\u00edas Jarqu\u00edn Jim\u00e9nez, de R\u00edo\nGrande, y Jos\u00e9 Alexis P\u00e9rez; la mayor\u00eda fue trasladado a un hospital particular\nde la ciudad de Oaxaca.<\/p>\n","protected":false},"excerpt":{"rendered":"<p>Redacci\u00f3n\/Zona Roja. Oaxaca de Ju\u00e1rez, Oax., 5 de mayo de 2020.- Cuatro personas fallecidas y&hellip;<\/p>\n","protected":false},"author":2,"featured_media":12001,"comment_status":"closed","ping_status":"open","sticky":false,"template":"","format":"standard","meta":{"_lmt_disableupdate":"","_lmt_disable":"","_jetpack_memberships_contains_paid_content":false,"footnotes":""},"categories":[109,51],"tags":[1236],"class_list":["post-11999","post","type-post","status-publish","format-standard","has-post-thumbnail","hentry","category-minuto-a-minuto","category-zona-roja","tag-villa-sola-de-vega"],"jetpack_featured_media_url":"https:\/\/zonaroja.com.mx\/wp-content\/uploads\/2020\/05\/Accidente-Sola-de-Vega-1.jpg","jetpack_sharing_enabled":true,"_links":{"self":[{"href":"https:\/\/zonaroja.com.mx\/index.php?rest_route=\/wp\/v2\/posts\/11999","targetHints":{"allow":["GET"]}}],"collection":[{"href":"https:\/\/zonaroja.com.mx\/index.php?rest_route=\/wp\/v2\/posts"}],"about":[{"href":"https:\/\/zonaroja.com.mx\/index.php?rest_route=\/wp\/v2\/types\/post"}],"author":[{"embeddable":true,"href":"https:\/\/zonaroja.com.mx\/index.php?rest_route=\/wp\/v2\/users\/2"}],"replies":[{"embeddable":true,"href":"https:\/\/zonaroja.com.mx\/index.php?rest_route=%2Fwp%2Fv2%2Fcomments&post=11999"}],"version-history":[{"count":2,"href":"https:\/\/zonaroja.com.mx\/index.php?rest_route=\/wp\/v2\/posts\/11999\/revisions"}],"predecessor-version":[{"id":12003,"href":"https:\/\/zonaroja.com.mx\/index.php?rest_route=\/wp\/v2\/posts\/11999\/revisions\/12003"}],"wp:featuredmedia":[{"embeddable":true,"href":"https:\/\/zonaroja.com.mx\/index.php?rest_route=\/wp\/v2\/media\/12001"}],"wp:attachment":[{"href":"https:\/\/zonaroja.com.mx\/index.php?rest_route=%2Fwp%2Fv2%2Fmedia&parent=11999"}],"wp:term":[{"taxonomy":"category","embeddable":true,"href":"https:\/\/zonaroja.com.mx\/index.php?rest_route=%2Fwp%2Fv2%2Fcategories&post=11999"},{"taxonomy":"post_tag","embeddable":true,"href":"https:\/\/zonaroja.com.mx\/index.php?rest_route=%2Fwp%2Fv2%2Ftags&post=11999"}],"curies":[{"name":"wp","href":"https:\/\/api.w.org\/{rel}","templated":true}]}}