{"id":12004,"date":"2020-05-05T18:42:28","date_gmt":"2020-05-05T23:42:28","guid":{"rendered":"http:\/\/www.zonaroja.com.mx\/?p=12004"},"modified":"2020-05-05T18:42:32","modified_gmt":"2020-05-05T23:42:32","slug":"confirman-en-oaxaca-tres-decesos-por-covid-19-este-martes","status":"publish","type":"post","link":"https:\/\/zonaroja.com.mx\/?p=12004","title":{"rendered":"Confirman en Oaxaca tres decesos por Covid-19, este martes"},"content":{"rendered":"\n<p>Redacci\u00f3n\/Zona Roja.<\/p>\n\n\n\n<p>Oaxaca de Ju\u00e1rez, Oax., 5 de mayo de\n2020.- Tres personas han fallecido este martes presuntamente por coronavirus, originarias\nde las regiones Valles Centrales, Mixteca e Istmo de Tehuantepec.<\/p>\n\n\n\n<p>Esta tarde, en un comunicado, el\nayuntamiento de Santa Cruz Xoxocotl\u00e1n confirm\u00f3 el primer deceso por Covid-19 en\nesta demarcaci\u00f3n; asimismo, indic\u00f3 que cuentan con nueve casos positivos\nconfirmados.<\/p>\n\n\n\n<p>En un video difundido en redes\nsociales, el edil Alejandro L\u00f3pez Jarqu\u00edn lament\u00f3 el fallecimiento de esta\npersona y lanz\u00f3 un llamado a la poblaci\u00f3n para reforzar las estrategias de\nprevenci\u00f3n de coronavirus.<\/p>\n\n\n\n<p>Por su parte, la Jurisdicci\u00f3n Sanitaria\ncon sede en la Mixteca, dio a conocer del fallecimiento de una persona que era\natendida en el Hospital Regional de Alta Especialidad, ubicado en San Bartolo\nCoyotepec.<\/p>\n\n\n\n<p>Se trata de un masculino de 82 a\u00f1os de\nedad que era originario de una comunidad del distrito de Juxtlahuaca, en la\nregi\u00f3n Mixteca.<\/p>\n\n\n\n<p>A su vez, directivos del Hospital\nGeneral \u201cDr. Macedonio Ben\u00edtez Fuentes\u201d de Juchit\u00e1n de Zaragoza, reconocieron\nun deceso ocurrido esta madrugada.<\/p>\n\n\n\n<p>Durante la ma\u00f1ana se difundi\u00f3 el rumor\nque familiares del hoy occiso acudir\u00edan al nosocomio a rescatar el cuerpo del\nfallecido, lo cual fue falso; no obstante, hizo presencia en la zona personal\nde la Guardia Nacional.<\/p>\n\n\n\n<p>La confirmaci\u00f3n oficial ser\u00eda de los\nServicios de Salud de Oaxaca, que dar\u00eda a conocer los datos esta noche o ma\u00f1ana\nmi\u00e9rcoles.<\/p>\n","protected":false},"excerpt":{"rendered":"<p>Redacci\u00f3n\/Zona Roja. Oaxaca de Ju\u00e1rez, Oax., 5 de mayo de 2020.- Tres personas han fallecido&hellip;<\/p>\n","protected":false},"author":2,"featured_media":12005,"comment_status":"closed","ping_status":"open","sticky":false,"template":"","format":"standard","meta":{"_lmt_disableupdate":"","_lmt_disable":"","_jetpack_memberships_contains_paid_content":false,"footnotes":""},"categories":[109,47],"tags":[1512],"class_list":["post-12004","post","type-post","status-publish","format-standard","has-post-thumbnail","hentry","category-minuto-a-minuto","category-zona-gris","tag-coronavirus-oaxaca"],"jetpack_featured_media_url":"https:\/\/zonaroja.com.mx\/wp-content\/uploads\/2020\/05\/Covid-muerto.jpg","jetpack_sharing_enabled":true,"_links":{"self":[{"href":"https:\/\/zonaroja.com.mx\/index.php?rest_route=\/wp\/v2\/posts\/12004","targetHints":{"allow":["GET"]}}],"collection":[{"href":"https:\/\/zonaroja.com.mx\/index.php?rest_route=\/wp\/v2\/posts"}],"about":[{"href":"https:\/\/zonaroja.com.mx\/index.php?rest_route=\/wp\/v2\/types\/post"}],"author":[{"embeddable":true,"href":"https:\/\/zonaroja.com.mx\/index.php?rest_route=\/wp\/v2\/users\/2"}],"replies":[{"embeddable":true,"href":"https:\/\/zonaroja.com.mx\/index.php?rest_route=%2Fwp%2Fv2%2Fcomments&post=12004"}],"version-history":[{"count":1,"href":"https:\/\/zonaroja.com.mx\/index.php?rest_route=\/wp\/v2\/posts\/12004\/revisions"}],"predecessor-version":[{"id":12006,"href":"https:\/\/zonaroja.com.mx\/index.php?rest_route=\/wp\/v2\/posts\/12004\/revisions\/12006"}],"wp:featuredmedia":[{"embeddable":true,"href":"https:\/\/zonaroja.com.mx\/index.php?rest_route=\/wp\/v2\/media\/12005"}],"wp:attachment":[{"href":"https:\/\/zonaroja.com.mx\/index.php?rest_route=%2Fwp%2Fv2%2Fmedia&parent=12004"}],"wp:term":[{"taxonomy":"category","embeddable":true,"href":"https:\/\/zonaroja.com.mx\/index.php?rest_route=%2Fwp%2Fv2%2Fcategories&post=12004"},{"taxonomy":"post_tag","embeddable":true,"href":"https:\/\/zonaroja.com.mx\/index.php?rest_route=%2Fwp%2Fv2%2Ftags&post=12004"}],"curies":[{"name":"wp","href":"https:\/\/api.w.org\/{rel}","templated":true}]}}