{"id":12010,"date":"2020-05-05T20:25:24","date_gmt":"2020-05-06T01:25:24","guid":{"rendered":"http:\/\/www.zonaroja.com.mx\/?p=12010"},"modified":"2020-05-05T20:25:26","modified_gmt":"2020-05-06T01:25:26","slug":"polemiza-uro-en-redes-sociales-y-le-recuerdan-su-oscuro-pasado","status":"publish","type":"post","link":"https:\/\/zonaroja.com.mx\/?p=12010","title":{"rendered":"Polemiza URO en redes sociales y le recuerdan su oscuro pasado"},"content":{"rendered":"\n<p>Redacci\u00f3n\/Zona Roja.<\/p>\n\n\n\n<p>Oaxaca de Ju\u00e1rez, Oax., 5 de mayo de\n2020.- El ex gobernador de Oaxaca, Ulises Ruiz Ortiz, intent\u00f3 polemizar a\ntrav\u00e9s de las redes sociales este martes, pero s\u00f3lo fue para que trajeran a la\nmemoria su pasado.<\/p>\n\n\n\n<p>A trav\u00e9s de Twitter, Flavio Sosa\nVillavicencio le record\u00f3 al ex mandatario pri\u00edsta que la contingencia por el Covid-19\noblig\u00f3 al actual Gobierno del Estado a promover 52 litigios contra empresas\nconstructoras \u201cfantasmas\u201d, que en la administraci\u00f3n de URO reportaron como\ndomicilio una casa habitaci\u00f3n.&nbsp; <\/p>\n\n\n\n<p>La pol\u00e9mica que desat\u00f3 los pastelazos y\nla remembranza tambi\u00e9n de los cr\u00edmenes de Ruiz Ortiz, se registr\u00f3 luego de\nacusaciones realizadas a trav\u00e9s de la cuenta del ex l\u00edder de la Asamblea\nPopular de los Pueblos de Oaxaca (APPO).<\/p>\n\n\n\n<p>Sosa bautiz\u00f3 al ex gobernador priista\ncomo \u201cel carnicero Ulises Ruiz\u201d, al mismo tiempo de recordar que durante el\nconflicto del 2006, el mandatario le ofreciera \u201cacuerdos econ\u00f3micos\u201d para\ndetener el movimiento social suscitado en la capital oaxaque\u00f1a.<\/p>\n\n\n\n<p>\u201cMe busc\u00f3 hasta el cansancio ofreciendo\ndi\u00e1logo, y lo que quisiera a cambio de que dejara de luchar. Nunca acept\u00e9\u201d, escribi\u00f3\nFlavio Sosa, al revirar a URO acerca de sus acusaciones.<\/p>\n\n\n\n<p>Durante la administraci\u00f3n de Ulises\nRuiz inici\u00f3 la construcci\u00f3n de hospitales en el estado, que hasta la fecha\npermanecen en obra negra, adem\u00e1s de los nulos avances de la carretera Oaxaca-\nIstmo y los bajos niveles de desarrollo alcanzados por este gobierno pri\u00edsta,\ndonde los compadrazgos, la corrupci\u00f3n y el dispendio enmarcaron su mandato.<\/p>\n\n\n\n<p>Asimismo, propici\u00f3 el ataque de la\nPolic\u00eda Estatal, comandada en ese entonces por Jos\u00e9 Manuel Vera Salinas, en\ncontra del magisterio, el 14 de junio de 2006, lo que deriv\u00f3 en una revuelta\nsocial.<\/p>\n","protected":false},"excerpt":{"rendered":"<p>Redacci\u00f3n\/Zona Roja. Oaxaca de Ju\u00e1rez, Oax., 5 de mayo de 2020.- El ex gobernador de&hellip;<\/p>\n","protected":false},"author":2,"featured_media":12011,"comment_status":"closed","ping_status":"open","sticky":false,"template":"","format":"standard","meta":{"_lmt_disableupdate":"","_lmt_disable":"","_jetpack_memberships_contains_paid_content":false,"footnotes":""},"categories":[109,47],"tags":[749],"class_list":["post-12010","post","type-post","status-publish","format-standard","has-post-thumbnail","hentry","category-minuto-a-minuto","category-zona-gris","tag-ulises-ruiz-ortiz"],"jetpack_featured_media_url":"https:\/\/zonaroja.com.mx\/wp-content\/uploads\/2020\/05\/Ulises-Ruiz.jpg","jetpack_sharing_enabled":true,"_links":{"self":[{"href":"https:\/\/zonaroja.com.mx\/index.php?rest_route=\/wp\/v2\/posts\/12010","targetHints":{"allow":["GET"]}}],"collection":[{"href":"https:\/\/zonaroja.com.mx\/index.php?rest_route=\/wp\/v2\/posts"}],"about":[{"href":"https:\/\/zonaroja.com.mx\/index.php?rest_route=\/wp\/v2\/types\/post"}],"author":[{"embeddable":true,"href":"https:\/\/zonaroja.com.mx\/index.php?rest_route=\/wp\/v2\/users\/2"}],"replies":[{"embeddable":true,"href":"https:\/\/zonaroja.com.mx\/index.php?rest_route=%2Fwp%2Fv2%2Fcomments&post=12010"}],"version-history":[{"count":1,"href":"https:\/\/zonaroja.com.mx\/index.php?rest_route=\/wp\/v2\/posts\/12010\/revisions"}],"predecessor-version":[{"id":12012,"href":"https:\/\/zonaroja.com.mx\/index.php?rest_route=\/wp\/v2\/posts\/12010\/revisions\/12012"}],"wp:featuredmedia":[{"embeddable":true,"href":"https:\/\/zonaroja.com.mx\/index.php?rest_route=\/wp\/v2\/media\/12011"}],"wp:attachment":[{"href":"https:\/\/zonaroja.com.mx\/index.php?rest_route=%2Fwp%2Fv2%2Fmedia&parent=12010"}],"wp:term":[{"taxonomy":"category","embeddable":true,"href":"https:\/\/zonaroja.com.mx\/index.php?rest_route=%2Fwp%2Fv2%2Fcategories&post=12010"},{"taxonomy":"post_tag","embeddable":true,"href":"https:\/\/zonaroja.com.mx\/index.php?rest_route=%2Fwp%2Fv2%2Ftags&post=12010"}],"curies":[{"name":"wp","href":"https:\/\/api.w.org\/{rel}","templated":true}]}}