{"id":12013,"date":"2020-05-05T21:22:10","date_gmt":"2020-05-06T02:22:10","guid":{"rendered":"http:\/\/www.zonaroja.com.mx\/?p=12013"},"modified":"2020-05-05T21:22:13","modified_gmt":"2020-05-06T02:22:13","slug":"denuncian-ineficiencia-de-fiscalia-general-en-atencion-a-caso-urgente","status":"publish","type":"post","link":"https:\/\/zonaroja.com.mx\/?p=12013","title":{"rendered":"Denuncian ineficiencia de Fiscal\u00eda General en atenci\u00f3n a caso urgente"},"content":{"rendered":"\n<p>Ismael\nGarc\u00eda M.<\/p>\n\n\n\n<p>Oaxaca\nde Ju\u00e1rez, Oax., 5 de mayo de 2020.- Familiares y abogados de una v\u00edctima\ndenunciaron la ineficiencia de la Fiscal\u00eda General del Estado de Oaxaca en la\natenci\u00f3n a casos urgentes, al escudarse en la contingencia sanitaria por\nCovid-19.<\/p>\n\n\n\n<p>De\nacuerdo con la queja p\u00fablica, el 30 de abril de 2020, D\u00eda del Ni\u00f1o, presentaron\nuna denuncia en la Fiscal\u00eda Especializada para la Atenci\u00f3n a Delitos Contra la\nMujer por Raz\u00f3n de G\u00e9nero por la sustracci\u00f3n y desaparici\u00f3n de un menor de 11 meses\nde edad.<\/p>\n\n\n\n<p>\u201cManifestando\nnuestra clienta, la madre, la preocupaci\u00f3n por la integridad del menor por la\npersona que lo ten\u00eda en su poder, pues corr\u00eda el riesgo de verse afectado\nf\u00edsicamente\u201d, dio a conocer el Bufete Jur\u00eddico L\u00f3pez Thomas.<\/p>\n\n\n\n<p>Expuso\nque solicitaron inscribiera al menor al Registro de Personas No Localizadas\npara que se activara la alerta Amber a lo que nos indicaron que esa alerta le\ncorrespond\u00eda a otra \u00e1rea.<\/p>\n\n\n\n<p>Con\nello \u201cdenotan una ignorancia total a la Ley General en Materia de Desaparici\u00f3n\nForzada de Personas. Adem\u00e1s de que a la Carpeta de Investigaci\u00f3n se le dar\u00eda un\ntr\u00e1mite \u2018normal\u2019 y que nos turnar\u00edan con una agente del Ministerio P\u00fablico que\nse encargar\u00eda de la integraci\u00f3n de la indagatoria\u201d.<\/p>\n\n\n\n<p>Agreg\u00f3\nque durante la tarde, solicitaron expresamente la b\u00fasqueda urgente del menor y les\nindicaron \u201cque ya se estaban tomando cartas en el asunto para la recuperaci\u00f3n\ndel mismo, lo que fue totalmente falso pues nunca sucedi\u00f3\u201d.<\/p>\n\n\n\n<p>\u201cAnte\nla gravedad del asunto, desde el principio que fuimos contratados, iniciamos\ndiversos actos de investigaci\u00f3n con la madre v\u00edctima como sus asesores\njur\u00eddicos, los que dieron resultados que logramos recuperar al menor, con los\nriesgos que se corrieron por la falta de apoyo del Ministerio P\u00fablico y la\npolic\u00eda investigadora en la operatividad\u201d, se\u00f1al\u00f3 el despacho jur\u00eddico.<\/p>\n\n\n\n<p>Agradeci\u00f3\na los clientes y agentes policiacos en retiro y activos que de manera\ndesinteresada y voluntaria, realizaron en equipo las investigaciones de la\nb\u00fasqueda, \u201clocalizando durante la madrugada de este viernes (1 de mayo) el\nlugar donde se encontraba dicho beb\u00e9.<\/p>\n\n\n\n<p>\u201cY\na pesar de que lo cambiaron del mismo, se localiz\u00f3 el nuevo domicilio donde\nestaba y lo logramos recuperar entreg\u00e1ndoselo a su madre, en esos momentos nos\nconstituimos en la Fiscal\u00eda Especializada para hacerles de su conocimiento que\nya recuperamos al peque\u00f1o.<\/p>\n\n\n\n<p>\u201cSorprendentemente\ny ante las restricciones generadas por la pandemia del Covid-19, la Fiscal\u00eda\nconsidera la sustracci\u00f3n y desaparici\u00f3n de un menor como una denuncia no\nurgente, a lo cual le da un tr\u00e1mite ordinario\u201d, denunci\u00f3 el bufete jur\u00eddico.<\/p>\n\n\n\n<p>El\nmenor, de 11 meses de edad, fue identificado con las siglas M.E.G.L., y fue\nsustra\u00eddo por un familiar, sin consentimiento de la madre. \u201cLa Fiscal\u00eda se\nesmera en ser \u2018La Fiscal\u00eda que nadie quiere\u2019 a pesar de la publicidad que ellos\nmismos se hacen\u201d, refiri\u00f3 el denunciante.<\/p>\n","protected":false},"excerpt":{"rendered":"<p>Ismael Garc\u00eda M. Oaxaca de Ju\u00e1rez, Oax., 5 de mayo de 2020.- Familiares y abogados&hellip;<\/p>\n","protected":false},"author":2,"featured_media":8850,"comment_status":"closed","ping_status":"open","sticky":false,"template":"","format":"standard","meta":{"_lmt_disableupdate":"","_lmt_disable":"","_jetpack_memberships_contains_paid_content":false,"footnotes":""},"categories":[109,47],"tags":[494],"class_list":["post-12013","post","type-post","status-publish","format-standard","has-post-thumbnail","hentry","category-minuto-a-minuto","category-zona-gris","tag-fiscalia-general-del-estado-de-oaxaca"],"jetpack_featured_media_url":"https:\/\/zonaroja.com.mx\/wp-content\/uploads\/2020\/02\/Sede-Fiscal\u00eda-General-4.png","jetpack_sharing_enabled":true,"_links":{"self":[{"href":"https:\/\/zonaroja.com.mx\/index.php?rest_route=\/wp\/v2\/posts\/12013","targetHints":{"allow":["GET"]}}],"collection":[{"href":"https:\/\/zonaroja.com.mx\/index.php?rest_route=\/wp\/v2\/posts"}],"about":[{"href":"https:\/\/zonaroja.com.mx\/index.php?rest_route=\/wp\/v2\/types\/post"}],"author":[{"embeddable":true,"href":"https:\/\/zonaroja.com.mx\/index.php?rest_route=\/wp\/v2\/users\/2"}],"replies":[{"embeddable":true,"href":"https:\/\/zonaroja.com.mx\/index.php?rest_route=%2Fwp%2Fv2%2Fcomments&post=12013"}],"version-history":[{"count":1,"href":"https:\/\/zonaroja.com.mx\/index.php?rest_route=\/wp\/v2\/posts\/12013\/revisions"}],"predecessor-version":[{"id":12014,"href":"https:\/\/zonaroja.com.mx\/index.php?rest_route=\/wp\/v2\/posts\/12013\/revisions\/12014"}],"wp:featuredmedia":[{"embeddable":true,"href":"https:\/\/zonaroja.com.mx\/index.php?rest_route=\/wp\/v2\/media\/8850"}],"wp:attachment":[{"href":"https:\/\/zonaroja.com.mx\/index.php?rest_route=%2Fwp%2Fv2%2Fmedia&parent=12013"}],"wp:term":[{"taxonomy":"category","embeddable":true,"href":"https:\/\/zonaroja.com.mx\/index.php?rest_route=%2Fwp%2Fv2%2Fcategories&post=12013"},{"taxonomy":"post_tag","embeddable":true,"href":"https:\/\/zonaroja.com.mx\/index.php?rest_route=%2Fwp%2Fv2%2Ftags&post=12013"}],"curies":[{"name":"wp","href":"https:\/\/api.w.org\/{rel}","templated":true}]}}