{"id":12019,"date":"2020-05-06T07:45:57","date_gmt":"2020-05-06T12:45:57","guid":{"rendered":"http:\/\/www.zonaroja.com.mx\/?p=12019"},"modified":"2020-05-06T07:45:59","modified_gmt":"2020-05-06T12:45:59","slug":"no-cesan-ejecuciones-en-la-cuenca-ahora-en-acatlan-e-ixcatlan","status":"publish","type":"post","link":"https:\/\/zonaroja.com.mx\/?p=12019","title":{"rendered":"No cesan ejecuciones en la Cuenca; ahora en Acatl\u00e1n e Ixcatl\u00e1n"},"content":{"rendered":"\n<p>Redacci\u00f3n\/Zona\nRoja.<\/p>\n\n\n\n<p>Oaxaca de\nJu\u00e1rez, Oax., 6 de mayo de 2020.- Dos personas fueron asesinados anoche en la\nregi\u00f3n de la Cuenca del Papaloapan, Oaxaca.<\/p>\n\n\n\n<p>En el\nmunicipio de Acatl\u00e1n de P\u00e9rez Figueroa un individuo de aproximadamente 24 a\u00f1os\nde edad fue ultimado con disparos de arma de fuego.<\/p>\n\n\n\n<p>Fue\nidentificado de manera preliminar como Joaqu\u00edn R., quien transitaba a bordo de\nuna motocicleta en c\u00e9ntricas calles de la poblaci\u00f3n, cuando fue atacado a\nbalazos por parte de sujetos armados.<\/p>\n\n\n\n<p>Hasta el\nmomento no hay personas detenidas por este caso.<\/p>\n\n\n\n<p>Por otra\nparte en la comunidad de Cabeza de Tilpan, del municipio de San Pedro Ixcatl\u00e1n,\nfue asesinada otra persona del sexo masculino.<\/p>\n\n\n\n<p>La v\u00edctima\nrespondi\u00f3 en vida al nombre de Ra\u00fal Obreg\u00f3n Marcelino, de 22 a\u00f1os de edad; el\nprobable autor del crimen se dio a la fuga pero fue detenido en un ret\u00e9n\npolicial ubicado en San Jos\u00e9 Independencia.<\/p>\n","protected":false},"excerpt":{"rendered":"<p>Redacci\u00f3n\/Zona Roja. Oaxaca de Ju\u00e1rez, Oax., 6 de mayo de 2020.- Dos personas fueron asesinados&hellip;<\/p>\n","protected":false},"author":2,"featured_media":7500,"comment_status":"closed","ping_status":"open","sticky":false,"template":"","format":"standard","meta":{"_lmt_disableupdate":"","_lmt_disable":"","_jetpack_memberships_contains_paid_content":false,"footnotes":""},"categories":[109,51],"tags":[187],"class_list":["post-12019","post","type-post","status-publish","format-standard","has-post-thumbnail","hentry","category-minuto-a-minuto","category-zona-roja","tag-acatlan-de-perez-figueroa"],"jetpack_featured_media_url":"https:\/\/zonaroja.com.mx\/wp-content\/uploads\/2020\/01\/Escena-del-crimen5.jpg","jetpack_sharing_enabled":true,"_links":{"self":[{"href":"https:\/\/zonaroja.com.mx\/index.php?rest_route=\/wp\/v2\/posts\/12019","targetHints":{"allow":["GET"]}}],"collection":[{"href":"https:\/\/zonaroja.com.mx\/index.php?rest_route=\/wp\/v2\/posts"}],"about":[{"href":"https:\/\/zonaroja.com.mx\/index.php?rest_route=\/wp\/v2\/types\/post"}],"author":[{"embeddable":true,"href":"https:\/\/zonaroja.com.mx\/index.php?rest_route=\/wp\/v2\/users\/2"}],"replies":[{"embeddable":true,"href":"https:\/\/zonaroja.com.mx\/index.php?rest_route=%2Fwp%2Fv2%2Fcomments&post=12019"}],"version-history":[{"count":1,"href":"https:\/\/zonaroja.com.mx\/index.php?rest_route=\/wp\/v2\/posts\/12019\/revisions"}],"predecessor-version":[{"id":12020,"href":"https:\/\/zonaroja.com.mx\/index.php?rest_route=\/wp\/v2\/posts\/12019\/revisions\/12020"}],"wp:featuredmedia":[{"embeddable":true,"href":"https:\/\/zonaroja.com.mx\/index.php?rest_route=\/wp\/v2\/media\/7500"}],"wp:attachment":[{"href":"https:\/\/zonaroja.com.mx\/index.php?rest_route=%2Fwp%2Fv2%2Fmedia&parent=12019"}],"wp:term":[{"taxonomy":"category","embeddable":true,"href":"https:\/\/zonaroja.com.mx\/index.php?rest_route=%2Fwp%2Fv2%2Fcategories&post=12019"},{"taxonomy":"post_tag","embeddable":true,"href":"https:\/\/zonaroja.com.mx\/index.php?rest_route=%2Fwp%2Fv2%2Ftags&post=12019"}],"curies":[{"name":"wp","href":"https:\/\/api.w.org\/{rel}","templated":true}]}}