{"id":12021,"date":"2020-05-06T08:09:54","date_gmt":"2020-05-06T13:09:54","guid":{"rendered":"http:\/\/www.zonaroja.com.mx\/?p=12021"},"modified":"2020-05-06T08:09:57","modified_gmt":"2020-05-06T13:09:57","slug":"inician-en-oaxaca-preliberaciones-de-presos-por-razones-humanitarias","status":"publish","type":"post","link":"https:\/\/zonaroja.com.mx\/?p=12021","title":{"rendered":"Inician en Oaxaca preliberaciones de presos, por razones humanitarias"},"content":{"rendered":"\n<p>Redacci\u00f3n\/Zona Roja.<\/p>\n\n\n\n<p>Oaxaca de Ju\u00e1rez, Oax., 6 de mayo de\n2020.- Para disminuir los riesgos de contagio por Covid-19, el Poder Judicial\ndel Estado de Oaxaca dispuso a inicios de esta semana la preliberaci\u00f3n de 15\npersonas privadas de su libertad, quienes se encontraban pr\u00f3ximas a finiquitar\nsu pena de prisi\u00f3n en diferentes reclusorios de la entidad.<\/p>\n\n\n\n<p>En un comunicado, inform\u00f3 que esta\nmedida forma parte de la humanizaci\u00f3n de la justicia, uno de los ejes\nprioritarios en la administraci\u00f3n del magistrado Eduardo Pinacho S\u00e1nchez.<\/p>\n\n\n\n<p>Expuso que con miras a hacer efectivo el\nprincipio de proporcionalidad de la pena previsto en el art\u00edculo 22\nConstitucional, la instituci\u00f3n encargada de la administraci\u00f3n de la justicia,\nencabez\u00f3 las reuniones de trabajo y de coordinaci\u00f3n con la Fiscal\u00eda General de\nJusticia, la Defensor\u00eda P\u00fablica del Estado y la Subsecretar\u00eda de Prevenci\u00f3n y\nReinserci\u00f3n Social (SPRS), dependiente de la Secretar\u00eda de Seguridad P\u00fablica de\nOaxaca, para la revisi\u00f3n de los expedientes y hacer efectivo este esquema de\nlibertad anticipada.<\/p>\n\n\n\n<p>En la primera fase, se tiene proyectado\notorgar este beneficio a un grupo de personas privadas de su libertad, como\nparte de la estrategia institucional impulsada por el Tribunal Superior de\nJusticia para disminuir los riesgos de contagio por Covid-19 en centros\npenitenciarios de las diferentes regiones de Oaxaca.<\/p>\n\n\n\n<p>De esta manera, las personas liberadas,\npodr\u00e1n reinsertarse en la sociedad, estar al lado de sus seres queridos, al\ntiempo que se garantiza su derecho a la salud y se toman acciones para evitar\nla propagaci\u00f3n de contagios.<\/p>\n\n\n\n<p>Entre las premisas del magistrado\npresidente Eduardo Pinacho S\u00e1nchez, se encuentra la sensibilizaci\u00f3n de las\njueces y juezas en cada asunto que llegue a la Instituci\u00f3n y dar un rostro\nhumano a los expedientes, as\u00ed como brindar un trato digno, con calidad y\ncalidez.<\/p>\n\n\n\n<p>Por ello, ante la emergencia sanitaria\nque se vive a nivel mundial, el Tribunal Superior de Justicia y el Consejo de\nla Judicatura coordinaron la preliberaci\u00f3n de personas privadas de su libertad,\npor razones humanitarias y la cual ya est\u00e1 rindiendo sus primeros resultados.<\/p>\n\n\n\n<p>En el transcurso de la semana, se\ncontinuar\u00e1 con el an\u00e1lisis y valoraci\u00f3n minuciosa de otros casos, con la\nfinalidad de garantizar a este sector de la poblaci\u00f3n su derecho a la salud e\nintegridad, al ser parte de los grupos vulnerables de la sociedad.<\/p>\n","protected":false},"excerpt":{"rendered":"<p>Redacci\u00f3n\/Zona Roja. Oaxaca de Ju\u00e1rez, Oax., 6 de mayo de 2020.- Para disminuir los riesgos&hellip;<\/p>\n","protected":false},"author":2,"featured_media":12022,"comment_status":"closed","ping_status":"open","sticky":false,"template":"","format":"standard","meta":{"_lmt_disableupdate":"","_lmt_disable":"","_jetpack_memberships_contains_paid_content":false,"footnotes":""},"categories":[109,46],"tags":[1369],"class_list":["post-12021","post","type-post","status-publish","format-standard","has-post-thumbnail","hentry","category-minuto-a-minuto","category-zona-blanca","tag-tribunal-superior-de-justicia-de-oaxacatsejo"],"jetpack_featured_media_url":"https:\/\/zonaroja.com.mx\/wp-content\/uploads\/2020\/05\/IMAGEN3.jpg","jetpack_sharing_enabled":true,"_links":{"self":[{"href":"https:\/\/zonaroja.com.mx\/index.php?rest_route=\/wp\/v2\/posts\/12021","targetHints":{"allow":["GET"]}}],"collection":[{"href":"https:\/\/zonaroja.com.mx\/index.php?rest_route=\/wp\/v2\/posts"}],"about":[{"href":"https:\/\/zonaroja.com.mx\/index.php?rest_route=\/wp\/v2\/types\/post"}],"author":[{"embeddable":true,"href":"https:\/\/zonaroja.com.mx\/index.php?rest_route=\/wp\/v2\/users\/2"}],"replies":[{"embeddable":true,"href":"https:\/\/zonaroja.com.mx\/index.php?rest_route=%2Fwp%2Fv2%2Fcomments&post=12021"}],"version-history":[{"count":1,"href":"https:\/\/zonaroja.com.mx\/index.php?rest_route=\/wp\/v2\/posts\/12021\/revisions"}],"predecessor-version":[{"id":12023,"href":"https:\/\/zonaroja.com.mx\/index.php?rest_route=\/wp\/v2\/posts\/12021\/revisions\/12023"}],"wp:featuredmedia":[{"embeddable":true,"href":"https:\/\/zonaroja.com.mx\/index.php?rest_route=\/wp\/v2\/media\/12022"}],"wp:attachment":[{"href":"https:\/\/zonaroja.com.mx\/index.php?rest_route=%2Fwp%2Fv2%2Fmedia&parent=12021"}],"wp:term":[{"taxonomy":"category","embeddable":true,"href":"https:\/\/zonaroja.com.mx\/index.php?rest_route=%2Fwp%2Fv2%2Fcategories&post=12021"},{"taxonomy":"post_tag","embeddable":true,"href":"https:\/\/zonaroja.com.mx\/index.php?rest_route=%2Fwp%2Fv2%2Ftags&post=12021"}],"curies":[{"name":"wp","href":"https:\/\/api.w.org\/{rel}","templated":true}]}}