{"id":12024,"date":"2020-05-06T08:11:12","date_gmt":"2020-05-06T13:11:12","guid":{"rendered":"http:\/\/www.zonaroja.com.mx\/?p=12024"},"modified":"2020-05-06T08:11:14","modified_gmt":"2020-05-06T13:11:14","slug":"inicia-hoy-la-serie-aprendiendo-desde-mi-comunidad-promovido-por-el-ieepo-y-cortv","status":"publish","type":"post","link":"https:\/\/zonaroja.com.mx\/?p=12024","title":{"rendered":"Inicia hoy la serie \u201cAprendiendo desde mi comunidad\u201d, promovido por el IEEPO y Cortv"},"content":{"rendered":"\n<p>Redacci\u00f3n\/Zona Roja.<\/p>\n\n\n\n<p>Oaxaca de Ju\u00e1rez, Oax. 6 de mayo de\n2020.- Este mi\u00e9rcoles, el Instituto Estatal de Educaci\u00f3n P\u00fablica de Oaxaca\n(IEEPO) inicia las transmisiones de la serie radiof\u00f3nica \u201cAprendiendo desde mi\ncomunidad\u201d, por las estaciones de la Corporaci\u00f3n Oaxaque\u00f1a de Radio y\nTelevisi\u00f3n (Cortv).<\/p>\n\n\n\n<p>Lo anterior con la finalidad de impulsar\naprendizajes contextualizados a trav\u00e9s de la riqueza cultural y \u00e9tnica de ni\u00f1as\ny ni\u00f1os de educaci\u00f3n primaria de poblaciones ind\u00edgenas de la entidad.<\/p>\n\n\n\n<p>El IEEPO inform\u00f3 que cada emisi\u00f3n har\u00e1\nun recorrido sonoro y ling\u00fc\u00edstico por las distintas regiones del estado a\ntrav\u00e9s de narraciones, historias y m\u00fasica dirigida a la ni\u00f1ez de pueblos\noriginarios, con un enfoque intercultural para promover el aprendizaje\ncolaborativo; el desarrollo de habilidades cognitivas; la disciplina en\nactividades escolares y la valoraci\u00f3n de la lengua y cultura local.<\/p>\n\n\n\n<p>Esta serie se difundir\u00e1 a trav\u00e9s de la\nse\u00f1al de Oaxaque\u00f1a Radio 92.9 FM, los lunes, mi\u00e9rcoles y viernes, a las 7:30\na.m.&nbsp; y con repetici\u00f3n los martes, jueves\ny s\u00e1bado, a las 4:30 p.m. Tambi\u00e9n, a trav\u00e9s de Global 96.9 FM se podr\u00e1 escuchar\nlos s\u00e1bados y domingos a&nbsp; las 8:30 a.m.<\/p>\n\n\n\n<p>El acuerdo fue signado entre los\ntitulares del Instituto, Francisco \u00c1ngel Villarreal, y el director general de\nla Cortv, Mart\u00edn V\u00e1squez Villanueva.<\/p>\n\n\n\n<p>El IEEPO se\u00f1al\u00f3 que en un hecho\nhist\u00f3rico se realizar\u00e1n estas transmisiones, &nbsp;para fortalecer el proceso educativo en la\nentidad durante la contingencia sanitaria, como apoyo a los planes de estudio\nestablecidos por la Secretar\u00eda de Educaci\u00f3n P\u00fablica (SEP) y con especial\natenci\u00f3n a las regiones, al tener Oaxaca gran riqueza pluricultural.<\/p>\n\n\n\n<p>Explic\u00f3 que la primera temporada de\n\u201cAprendiendo desde mi comunidad\u201d, consta de 30 emisiones con contenidos\neducativos en las diferentes lenguas originarias de la entidad como el\nmazateco, triqui, chinanteco, mixe y zapoteco. <\/p>\n\n\n\n<p>\u00c1ngel Villarreal destac\u00f3 la disposici\u00f3n\ndel director general de la Cortv, Mart\u00edn V\u00e1squez Villanueva, para la\nimplementaci\u00f3n de este proyecto que marca un precedente y refrenda las acciones\ncoordinadas con diversas instancias para garantizar los servicios educativos de\nmanera incluyente y plural a todos los escolares de la entidad.<\/p>\n\n\n\n<p>Entre los objetivos de la serie se\nencuentran generar lazos de identidad en las y los ni\u00f1os con su comunidad\noriginaria a trav\u00e9s de la lengua; incentivar la integraci\u00f3n de carpetas de\nexperiencias para compartir en el regreso a clases; recomendaciones sobre\ninformaci\u00f3n de actividades escolares propuestas y orientaci\u00f3n en el contexto\ndel aislamiento preventivo.<\/p>\n\n\n\n<p>Actualmente, la Corporaci\u00f3n Oaxaque\u00f1a de\nRadio y Televisi\u00f3n contin\u00faa transmitiendo el programa \u201cAprende en Casa\u201d, de\nlunes a viernes y con diferentes contenidos segmentados dirigidos al nivel\npreescolar, primaria, secundaria y bachillerato por su se\u00f1al de televisi\u00f3n y en\nla p\u00e1gina de la red social de Facebook.<\/p>\n","protected":false},"excerpt":{"rendered":"<p>Redacci\u00f3n\/Zona Roja. Oaxaca de Ju\u00e1rez, Oax. 6 de mayo de 2020.- Este mi\u00e9rcoles, el Instituto&hellip;<\/p>\n","protected":false},"author":2,"featured_media":12025,"comment_status":"closed","ping_status":"open","sticky":false,"template":"","format":"standard","meta":{"_lmt_disableupdate":"","_lmt_disable":"","_jetpack_memberships_contains_paid_content":false,"footnotes":""},"categories":[109,46],"tags":[599],"class_list":["post-12024","post","type-post","status-publish","format-standard","has-post-thumbnail","hentry","category-minuto-a-minuto","category-zona-blanca","tag-instituto-estatal-de-educacion-publica-de-oaxaca"],"jetpack_featured_media_url":"https:\/\/zonaroja.com.mx\/wp-content\/uploads\/2020\/05\/IEEPO-8.jpeg","jetpack_sharing_enabled":true,"_links":{"self":[{"href":"https:\/\/zonaroja.com.mx\/index.php?rest_route=\/wp\/v2\/posts\/12024","targetHints":{"allow":["GET"]}}],"collection":[{"href":"https:\/\/zonaroja.com.mx\/index.php?rest_route=\/wp\/v2\/posts"}],"about":[{"href":"https:\/\/zonaroja.com.mx\/index.php?rest_route=\/wp\/v2\/types\/post"}],"author":[{"embeddable":true,"href":"https:\/\/zonaroja.com.mx\/index.php?rest_route=\/wp\/v2\/users\/2"}],"replies":[{"embeddable":true,"href":"https:\/\/zonaroja.com.mx\/index.php?rest_route=%2Fwp%2Fv2%2Fcomments&post=12024"}],"version-history":[{"count":1,"href":"https:\/\/zonaroja.com.mx\/index.php?rest_route=\/wp\/v2\/posts\/12024\/revisions"}],"predecessor-version":[{"id":12026,"href":"https:\/\/zonaroja.com.mx\/index.php?rest_route=\/wp\/v2\/posts\/12024\/revisions\/12026"}],"wp:featuredmedia":[{"embeddable":true,"href":"https:\/\/zonaroja.com.mx\/index.php?rest_route=\/wp\/v2\/media\/12025"}],"wp:attachment":[{"href":"https:\/\/zonaroja.com.mx\/index.php?rest_route=%2Fwp%2Fv2%2Fmedia&parent=12024"}],"wp:term":[{"taxonomy":"category","embeddable":true,"href":"https:\/\/zonaroja.com.mx\/index.php?rest_route=%2Fwp%2Fv2%2Fcategories&post=12024"},{"taxonomy":"post_tag","embeddable":true,"href":"https:\/\/zonaroja.com.mx\/index.php?rest_route=%2Fwp%2Fv2%2Ftags&post=12024"}],"curies":[{"name":"wp","href":"https:\/\/api.w.org\/{rel}","templated":true}]}}