{"id":12030,"date":"2020-05-06T12:55:48","date_gmt":"2020-05-06T17:55:48","guid":{"rendered":"http:\/\/www.zonaroja.com.mx\/?p=12030"},"modified":"2020-05-06T12:55:52","modified_gmt":"2020-05-06T17:55:52","slug":"ganaderos-protestan-contra-nancy-ortiz-sacrifican-animal-y-queman-pacas","status":"publish","type":"post","link":"https:\/\/zonaroja.com.mx\/?p=12030","title":{"rendered":"Ganaderos protestan contra Nancy Ortiz; sacrifican animal y queman pacas"},"content":{"rendered":"\n<p>Evlin Arag\u00f3n\/Zona Roja.<\/p>\n\n\n\n<p>Oaxaca de Ju\u00e1rez, Oax., 6 de mayo de\n2020.- \u201cLa s\u00faper delegada corrupta no le cumple a los ganaderos de Oaxaca\u201d.<\/p>\n\n\n\n<p>Esa fue la principal consigna que este\nmi\u00e9rcoles enarbolaron productores ganaderos de los Valles Centrales, quienes\ndenunciaron la falta de apoyo al campo oaxaque\u00f1o por parte de las autoridades\nfederales y estatales.<\/p>\n\n\n\n<p>En plena Fase 3 de la contingencia\nsanitaria por Covid-19, y en la semana pronosticada como de mayor n\u00famero de\ncontagios,&nbsp; la protesta incluy\u00f3 el cierre\ntemporal de una vialidad, la quema de pacas de forraje y el sacrificio de un\nborrego, que aseguraron prefieren matar que tenerlo sin comer debido a la falta\nde recursos.<\/p>\n\n\n\n<p>De acuerdo con \u00d3scar Ad\u00e1n Olvera Garc\u00eda, presidente de los Productores Unidos de la Verde Antequera, desde el 2019 le han hecho entrega de dos oficios al Presidente de la Rep\u00fablica, Andr\u00e9s Manuel L\u00f3pez Obrador, para darle a conocer la grave situaci\u00f3n por la que atraviesa el campo oaxaque\u00f1o.<\/p>\n\n\n\n<figure class=\"wp-block-embed-twitter wp-block-embed is-type-rich is-provider-twitter\"><div class=\"wp-block-embed__wrapper\">\n<div class=\"twitter-tweet\"><blockquote class=\"twitter-tweet\" data-lang=\"es\"><p lang=\"es\" dir=\"ltr\"><a href=\"https:\/\/twitter.com\/hashtag\/OaxacaGris?src=hash&amp;ref_src=twsrc%5Etfw\">#OaxacaGris<\/a><br>Ante la nula atenci\u00f3n de la delegada estatal de <a href=\"https:\/\/twitter.com\/BienestarMxOax?ref_src=twsrc%5Etfw\">@BienestarMxOax<\/a>, <a href=\"https:\/\/twitter.com\/NancyOrtizOax?ref_src=twsrc%5Etfw\">@NancyOrtizOax<\/a>, sacrifican un borrego en acceso a las oficinas y queman pacas; adem\u00e1s bloquean totalmente la carretera al Pante\u00f3n Jard\u00edn. <a href=\"https:\/\/t.co\/pHaWvwagLK\">pic.twitter.com\/pHaWvwagLK<\/a><\/p>&mdash; Zona Roja Oaxaca (@MexRoja) <a href=\"https:\/\/twitter.com\/MexRoja\/status\/1258052555793403905?ref_src=twsrc%5Etfw\">6 de mayo de 2020<\/a><\/blockquote><\/div>\n<\/div><\/figure>\n\n\n\n<p>Tras ello fueron giradas instrucciones a\nla delegada de la Secretar\u00eda de Bienestar, Nancy Ortiz Cabrera, quien a su vez\nno ha dado respuesta a las demandas.<\/p>\n\n\n\n<p>En entrevista, acus\u00f3 a la funcionaria de\ncorrupci\u00f3n, ya que pese a las instrucciones del primer mandatario federal, se\ndedica a realizar otras cosas y no a cumplir con los sectores m\u00e1s necesitados,\ncomo lo es el campo y la ganader\u00eda en la entidad.<\/p>\n\n\n\n<p>Aunado a ello, explic\u00f3 que los nueve mil\nagremiados se han visto afectados por la contingencia sanitaria, pues debido al\ncierre de los mercados, tianguis y baratillos, no han podido comercializar sus\nanimales, qued\u00e1ndose sin recursos para seguir alimentando a su ganado y a su\nfamilia.<\/p>\n\n\n\n<p>\u201cEstados aqu\u00ed solo una representaci\u00f3n de\nganaderos, si no tenemos respuesta nos vamos a incorformar a nivel federal,\naqu\u00ed si no nos atiende Nancy, vamos a sacrificar un borrego que mejor\npreferimos matarlos que seguirlos alimentando y eso mismo vamos a hacer en\nPalacio Nacional, en casa del gobernador o en donde tenga que ser\u201d, dijo el\nganadero.<\/p>\n\n\n\n<p>Olvera Garc\u00eda asegur\u00f3 que han hecho entrega de dos oficios de forma personal al Presidente de la Rep\u00fablica, uno con fecha 21 de marzo y otro de 19 de octubre del 2019 que no han tenido respuesta, adem\u00e1s de denunciar corrupci\u00f3n por parte de los funcionarios Anuar Garc\u00eda L\u00f3pez y Jorge L\u00f3pez Guerra.<\/p>\n\n\n\n<figure class=\"wp-block-embed-twitter wp-block-embed is-type-rich is-provider-twitter\"><div class=\"wp-block-embed__wrapper\">\n<div class=\"twitter-tweet\"><blockquote class=\"twitter-tweet\" data-lang=\"es\"><p lang=\"es\" dir=\"ltr\"><a href=\"https:\/\/twitter.com\/hashtag\/OaxacaGris?src=hash&amp;ref_src=twsrc%5Etfw\">#OaxacaGris<\/a><br>As\u00ed explica el dirigente de productores y ganaderos los incumplimientos del <a href=\"https:\/\/twitter.com\/GobiernoMX?ref_src=twsrc%5Etfw\">@GobiernoMX<\/a> y de <a href=\"https:\/\/twitter.com\/BienestarMxOax?ref_src=twsrc%5Etfw\">@BienestarMxOax<\/a> que encabeza <a href=\"https:\/\/twitter.com\/NancyOrtizOax?ref_src=twsrc%5Etfw\">@NancyOrtizOax<\/a>, motivo por el cual protestaron hoy. <a href=\"https:\/\/t.co\/jwdOSyAHNu\">pic.twitter.com\/jwdOSyAHNu<\/a><\/p>&mdash; Zona Roja Oaxaca (@MexRoja) <a href=\"https:\/\/twitter.com\/MexRoja\/status\/1258062880576081921?ref_src=twsrc%5Etfw\">6 de mayo de 2020<\/a><\/blockquote><\/div>\n<\/div><\/figure>\n\n\n\n<p>Finalmente, dio a conocer que en la\nmanifestaci\u00f3n de este mi\u00e9rcoles participaron representantes de los municipios\nde Tlalixtac, Tlacolula, Rojas de Cuauht\u00e9moc, \u00c1nimas Trujano, as\u00ed como San\nFrancisco y San Sebasti\u00e1n Tutla pertenecientes a los Valles Centrales; sin\nembargo, la presencia de manifestantes crecer\u00e1 dependiendo de la respuesta de\nlas autoridades.<\/p>\n\n\n\n<p>Minutos despu\u00e9s de la protesta y ante la\nausencia de la delegada Nancy Ortiz, quien pese a la manifestaci\u00f3n no acudi\u00f3 al\ndi\u00e1logo, el grupo de ganaderos cerr\u00f3 la vialidad por completo, quem\u00f3 pacas de\nforraje y sacrific\u00f3 a la vista de todos a un borrego para evidenciar la falta\nde apoyo que tiene el sector ganadero pese a las constantes solicitudes de\napoyo.<\/p>\n\n\n\n<p>Posteriormente amagaron a acudir a la\nCasa Oficial del gobierno de Oaxaca, en la avenida Ju\u00e1rez de la capital, pero\nfueron llamados al di\u00e1logo.<\/p>\n","protected":false},"excerpt":{"rendered":"<p>Evlin Arag\u00f3n\/Zona Roja. Oaxaca de Ju\u00e1rez, Oax., 6 de mayo de 2020.- \u201cLa s\u00faper delegada&hellip;<\/p>\n","protected":false},"author":2,"featured_media":12031,"comment_status":"closed","ping_status":"open","sticky":false,"template":"","format":"standard","meta":{"_lmt_disableupdate":"","_lmt_disable":"","_jetpack_memberships_contains_paid_content":false,"footnotes":""},"categories":[109,47],"tags":[272],"class_list":["post-12030","post","type-post","status-publish","format-standard","has-post-thumbnail","hentry","category-minuto-a-minuto","category-zona-gris","tag-nancy-ortiz-cabrera"],"jetpack_featured_media_url":"https:\/\/zonaroja.com.mx\/wp-content\/uploads\/2020\/05\/IMG_8360.png","jetpack_sharing_enabled":true,"_links":{"self":[{"href":"https:\/\/zonaroja.com.mx\/index.php?rest_route=\/wp\/v2\/posts\/12030","targetHints":{"allow":["GET"]}}],"collection":[{"href":"https:\/\/zonaroja.com.mx\/index.php?rest_route=\/wp\/v2\/posts"}],"about":[{"href":"https:\/\/zonaroja.com.mx\/index.php?rest_route=\/wp\/v2\/types\/post"}],"author":[{"embeddable":true,"href":"https:\/\/zonaroja.com.mx\/index.php?rest_route=\/wp\/v2\/users\/2"}],"replies":[{"embeddable":true,"href":"https:\/\/zonaroja.com.mx\/index.php?rest_route=%2Fwp%2Fv2%2Fcomments&post=12030"}],"version-history":[{"count":1,"href":"https:\/\/zonaroja.com.mx\/index.php?rest_route=\/wp\/v2\/posts\/12030\/revisions"}],"predecessor-version":[{"id":12032,"href":"https:\/\/zonaroja.com.mx\/index.php?rest_route=\/wp\/v2\/posts\/12030\/revisions\/12032"}],"wp:featuredmedia":[{"embeddable":true,"href":"https:\/\/zonaroja.com.mx\/index.php?rest_route=\/wp\/v2\/media\/12031"}],"wp:attachment":[{"href":"https:\/\/zonaroja.com.mx\/index.php?rest_route=%2Fwp%2Fv2%2Fmedia&parent=12030"}],"wp:term":[{"taxonomy":"category","embeddable":true,"href":"https:\/\/zonaroja.com.mx\/index.php?rest_route=%2Fwp%2Fv2%2Fcategories&post=12030"},{"taxonomy":"post_tag","embeddable":true,"href":"https:\/\/zonaroja.com.mx\/index.php?rest_route=%2Fwp%2Fv2%2Ftags&post=12030"}],"curies":[{"name":"wp","href":"https:\/\/api.w.org\/{rel}","templated":true}]}}