{"id":12034,"date":"2020-05-06T15:21:09","date_gmt":"2020-05-06T20:21:09","guid":{"rendered":"https:\/\/www.zonaroja.com.mx\/?p=12034"},"modified":"2020-05-06T15:21:12","modified_gmt":"2020-05-06T20:21:12","slug":"quimicos-se-vuelvan-a-manifestar-por-injusticia-laboral-en-sector-salud","status":"publish","type":"post","link":"https:\/\/zonaroja.com.mx\/?p=12034","title":{"rendered":"Qu\u00edmicos se vuelvan a manifestar por injusticia laboral en sector salud"},"content":{"rendered":"\n<p class=\"MsoNormal\">Yuridiana Sosa\/Zona Roja.&nbsp;<\/p>\n\n\n\n<p class=\"MsoNormal\">Oaxaca de Ju\u00e1rez, Oax., 6 de mayo de 2020.- Qu\u00edmicos-Bi\u00f3logos trabajadores de los Servicios de Salud de Oaxaca (SSO) protestaron hoy en el z\u00f3calo de la capital para exigir una audiencia con el gobernador Alejandro Murat, por la nula atenci\u00f3n de la dependencia de salud sobre la recategorizaci\u00f3n de sus puestos laborales.<\/p>\n\n\n\n<p class=\"MsoNormal\">El grupo de trabajadores del sector salud del estado mantienen esta lucha, por lo menos desde el 2018 cuando comenzaron su exigencia de un salario acorde a sus actividades profesionales, los cuales frente a la contingencia de Covid-19 son indispensables.<\/p>\n\n\n\n<p class=\"MsoNormal\">Con distintos carteles donde presentan su demanda y vistiendo playeras con la leyenda \u201cQuiero mi c\u00f3digo de qu\u00edmico\u00bb, los profesionistas indicaron que en la n\u00f3mina est\u00e1n registrados como \u201ct\u00e9cnicos\u201d, por lo que demandan un c\u00f3digo \u00abA\u00bb.<\/p>\n\n\n\n<p class=\"MsoNormal\">Hace dos semanas tambi\u00e9n se manifestaron para recordar su exigencia, pero el secretario de salud de Oaxaca, Donato Casas Escamilla, no ofrece respuestas satisfactorias ni avances en el tema.<\/p>\n\n\n\n<p class=\"MsoNormal\">Ante esa situaci\u00f3n, una representaci\u00f3n de los quejosos, de un total de 99 qu\u00edmicos en todo el estado, se present\u00f3 en el z\u00f3calo, frente a palacio de gobierno, para demandar audiencia con el mandatario y exponer de propia voz su demanda laboral.<\/p>\n\n\n\n<p class=\"MsoNormal\">Hasta el momento, indicaron, la Secci\u00f3n 35 del Sindicato Nacional de Trabajadores de Salud (SNTSA) \u2013a la que pertenecen- se ha mantenido distante en el problema, por lo que tampoco ha emitido una exigencia contundente al gobierno.&nbsp;<\/p>\n\n\n\n<p class=\"MsoNormal\">Expusieron que su actividad es fundamental y de riesgo, no s\u00f3lo frente a esta pandemia, pues siempre est\u00e1n en contacto con fluidos corporales transmisores de distintas enfermedades; situaci\u00f3n que no es recompensada econ\u00f3micamente.   <\/p>\n","protected":false},"excerpt":{"rendered":"<p>Yuridiana Sosa\/Zona Roja.&nbsp; Oaxaca de Ju\u00e1rez, Oax., 6 de mayo de 2020.- Qu\u00edmicos-Bi\u00f3logos trabajadores de&hellip;<\/p>\n","protected":false},"author":2,"featured_media":12033,"comment_status":"closed","ping_status":"open","sticky":false,"template":"","format":"standard","meta":{"_lmt_disableupdate":"","_lmt_disable":"","_jetpack_memberships_contains_paid_content":false,"footnotes":""},"categories":[109,47],"tags":[],"class_list":["post-12034","post","type-post","status-publish","format-standard","has-post-thumbnail","hentry","category-minuto-a-minuto","category-zona-gris"],"jetpack_featured_media_url":"https:\/\/zonaroja.com.mx\/wp-content\/uploads\/2020\/05\/79c221bd-b6ac-4d9e-8fb9-63325a09e2dc.jpg","jetpack_sharing_enabled":true,"_links":{"self":[{"href":"https:\/\/zonaroja.com.mx\/index.php?rest_route=\/wp\/v2\/posts\/12034","targetHints":{"allow":["GET"]}}],"collection":[{"href":"https:\/\/zonaroja.com.mx\/index.php?rest_route=\/wp\/v2\/posts"}],"about":[{"href":"https:\/\/zonaroja.com.mx\/index.php?rest_route=\/wp\/v2\/types\/post"}],"author":[{"embeddable":true,"href":"https:\/\/zonaroja.com.mx\/index.php?rest_route=\/wp\/v2\/users\/2"}],"replies":[{"embeddable":true,"href":"https:\/\/zonaroja.com.mx\/index.php?rest_route=%2Fwp%2Fv2%2Fcomments&post=12034"}],"version-history":[{"count":1,"href":"https:\/\/zonaroja.com.mx\/index.php?rest_route=\/wp\/v2\/posts\/12034\/revisions"}],"predecessor-version":[{"id":12035,"href":"https:\/\/zonaroja.com.mx\/index.php?rest_route=\/wp\/v2\/posts\/12034\/revisions\/12035"}],"wp:featuredmedia":[{"embeddable":true,"href":"https:\/\/zonaroja.com.mx\/index.php?rest_route=\/wp\/v2\/media\/12033"}],"wp:attachment":[{"href":"https:\/\/zonaroja.com.mx\/index.php?rest_route=%2Fwp%2Fv2%2Fmedia&parent=12034"}],"wp:term":[{"taxonomy":"category","embeddable":true,"href":"https:\/\/zonaroja.com.mx\/index.php?rest_route=%2Fwp%2Fv2%2Fcategories&post=12034"},{"taxonomy":"post_tag","embeddable":true,"href":"https:\/\/zonaroja.com.mx\/index.php?rest_route=%2Fwp%2Fv2%2Ftags&post=12034"}],"curies":[{"name":"wp","href":"https:\/\/api.w.org\/{rel}","templated":true}]}}