{"id":12039,"date":"2020-05-06T18:20:40","date_gmt":"2020-05-06T23:20:40","guid":{"rendered":"http:\/\/www.zonaroja.com.mx\/?p=12039"},"modified":"2020-05-06T18:20:43","modified_gmt":"2020-05-06T23:20:43","slug":"don-rogelio-garcia-luna-y-lo-que-falta","status":"publish","type":"post","link":"https:\/\/zonaroja.com.mx\/?p=12039","title":{"rendered":"Don Rogelio, Garc\u00eda Luna y\u2026 lo que falta"},"content":{"rendered":"\n<p>Antonio G. Sumano\/\u00c9nfasis Oaxaca<\/p>\n\n\n\n<p>Oaxaca de Ju\u00e1rez, Oax., 6 de mayo de\n2020.- En el fraccionamiento ya se extra\u00f1a el preg\u00f3n de don Rogelio. Son m\u00e1s de\n15 d\u00edas que en calles y andadores de la unidad habitacional dej\u00f3 de escucharse\nsu panadera oferta, acompa\u00f1ada de atolli de panela o champurrado. <\/p>\n\n\n\n<p>Con 81 a\u00f1os a cuestas y diario trajinar &#8211;desde\nlas cuatro de la ma\u00f1ana&#8211; don Rogelio maneja l-e-n-t-a-m-e-n-t-e el triciclo\nque ha sido su noble rocinante. <\/p>\n\n\n\n<p>A voz de cuello oferta sus productos,\nnecesita llevar lo indispensable para compartirlo con su nieta, all\u00e1 en la\ncolonia Monte Alb\u00e1n\u2026<\/p>\n\n\n\n<p>Y s\u00ed, en este momento, un champurrado\nser\u00eda bebida ideal para seguir desmenuzando la entrevista que la ex embajadora\nde Estados Unidos en M\u00e9xico, Roberta S Jacobson, dio al semanario \u201cProceso\u201d y\nque pone en la picota al ex presidente Felipe Calder\u00f3n.<\/p>\n\n\n\n<p>La diplom\u00e1tica revel\u00f3 que el presidente\nFelipe Calder\u00f3n estuvo al tanto &#8211;durante su administraci\u00f3n&#8211; de presuntos\nv\u00ednculos de Garc\u00eda Luna con el crimen organizado. El ex jefe de seguridad,\nGenaro Garc\u00eda Luna, fue acusado de recibir millones de d\u00f3lares por parte del\nC\u00e1rtel de Sinaloa, la acusaci\u00f3n se deriva del juicio en contra de \u201cEl Chapo\u201d\nGuzm\u00e1n en Nueva York, mismo que concluy\u00f3 con una sentencia de cadena perpetua\nen contra del sinaloense.<\/p>\n\n\n\n<p>En su cuenta de Twitter, Calder\u00f3n Hinojosa\nneg\u00f3 que su gobierno tuviera informaci\u00f3n s\u00f3lida sobre nexos de Genaro Garc\u00eda\nLuna con el narcotr\u00e1fico. S\u00f3lo hab\u00eda rumores no corroborados, escribi\u00f3.<\/p>\n\n\n\n<p>\u201cActu\u00e9 con determinaci\u00f3n contra el\ncrimen organizado y recib\u00ed amenazas por ello, jam\u00e1s hubiera permitido que\nning\u00fan funcionario con v\u00ednculos como esos siguiera en el gobierno.<\/p>\n\n\n\n<p>La Embajadora Jacobson precisa a que se\nrefiere en la entrevista: \u2018Ten\u00edamos informaci\u00f3n y escuchamos rumores que en su\nmayor\u00eda no fueron confirmados\u2026 nunca informaci\u00f3n que fuera confirmada por una\nfuente imparcial; que no fuera tendenciosa\u2019. Eso es lo que hemos sostenido\nsiempre\u201d, refiri\u00f3 Calder\u00f3n.<\/p>\n\n\n\n<p>Quien fue llamado el s\u00faper polic\u00eda,\ntiene pendiente su juicio y ah\u00ed, sin duda, coquetear\u00e1n otros datos o nexos en\nla gesti\u00f3n de Vicente Fox\u2026<\/p>\n\n\n\n<p>Y\u2026 estamos en una semana cr\u00edtica y lo que le sigue. La pandemia del Covid-19 crece de manera alarmante en M\u00e9xico y en Oaxaca. As\u00ed que debemos extremar precauciones, procurar quedarse en casa. Quiz\u00e1s eso hizo don Rogelio y hoy nos priva de un exquisito atolli de panela\u2026<\/p>\n","protected":false},"excerpt":{"rendered":"<p>Antonio G. Sumano\/\u00c9nfasis Oaxaca Oaxaca de Ju\u00e1rez, Oax., 6 de mayo de 2020.- En el&hellip;<\/p>\n","protected":false},"author":2,"featured_media":7610,"comment_status":"closed","ping_status":"open","sticky":false,"template":"","format":"standard","meta":{"_lmt_disableupdate":"","_lmt_disable":"","_jetpack_memberships_contains_paid_content":false,"footnotes":""},"categories":[109,48],"tags":[1660,1353],"class_list":["post-12039","post","type-post","status-publish","format-standard","has-post-thumbnail","hentry","category-minuto-a-minuto","category-zona-critica","tag-antonio-g-sumano","tag-opinion-zona-critica"],"jetpack_featured_media_url":"https:\/\/zonaroja.com.mx\/wp-content\/uploads\/2020\/01\/Opini\u00f3n-Zona-Cr\u00edtica.jpg","jetpack_sharing_enabled":true,"_links":{"self":[{"href":"https:\/\/zonaroja.com.mx\/index.php?rest_route=\/wp\/v2\/posts\/12039","targetHints":{"allow":["GET"]}}],"collection":[{"href":"https:\/\/zonaroja.com.mx\/index.php?rest_route=\/wp\/v2\/posts"}],"about":[{"href":"https:\/\/zonaroja.com.mx\/index.php?rest_route=\/wp\/v2\/types\/post"}],"author":[{"embeddable":true,"href":"https:\/\/zonaroja.com.mx\/index.php?rest_route=\/wp\/v2\/users\/2"}],"replies":[{"embeddable":true,"href":"https:\/\/zonaroja.com.mx\/index.php?rest_route=%2Fwp%2Fv2%2Fcomments&post=12039"}],"version-history":[{"count":1,"href":"https:\/\/zonaroja.com.mx\/index.php?rest_route=\/wp\/v2\/posts\/12039\/revisions"}],"predecessor-version":[{"id":12040,"href":"https:\/\/zonaroja.com.mx\/index.php?rest_route=\/wp\/v2\/posts\/12039\/revisions\/12040"}],"wp:featuredmedia":[{"embeddable":true,"href":"https:\/\/zonaroja.com.mx\/index.php?rest_route=\/wp\/v2\/media\/7610"}],"wp:attachment":[{"href":"https:\/\/zonaroja.com.mx\/index.php?rest_route=%2Fwp%2Fv2%2Fmedia&parent=12039"}],"wp:term":[{"taxonomy":"category","embeddable":true,"href":"https:\/\/zonaroja.com.mx\/index.php?rest_route=%2Fwp%2Fv2%2Fcategories&post=12039"},{"taxonomy":"post_tag","embeddable":true,"href":"https:\/\/zonaroja.com.mx\/index.php?rest_route=%2Fwp%2Fv2%2Ftags&post=12039"}],"curies":[{"name":"wp","href":"https:\/\/api.w.org\/{rel}","templated":true}]}}