{"id":12044,"date":"2020-05-06T20:29:43","date_gmt":"2020-05-07T01:29:43","guid":{"rendered":"http:\/\/www.zonaroja.com.mx\/?p=12044"},"modified":"2020-05-06T20:29:46","modified_gmt":"2020-05-07T01:29:46","slug":"demandan-diputadas-atencion-urgente-a-violencia-en-huazantlan-del-rio","status":"publish","type":"post","link":"https:\/\/zonaroja.com.mx\/?p=12044","title":{"rendered":"Demandan diputadas atenci\u00f3n urgente a violencia en Huazantl\u00e1n del R\u00edo"},"content":{"rendered":"\n<p>Yuridiana Sosa\/Zona Roja.<\/p>\n\n\n\n<p>Oaxaca de Ju\u00e1rez, Oax., 6 de mayo de\n2020.- Diputadas de la Comisi\u00f3n Permanente de Derechos Humanos del Congreso de\nOaxaca presentaron un exhorto para que el Poder Ejecutivo y el Judicial, as\u00ed\ncomo la Fiscal\u00eda General del Estado, atiendan, investiguen y resuelva los\nconflictos intercomunitarios, en especial los hechos violentos en Huazantl\u00e1n\ndel R\u00edo.<\/p>\n\n\n\n<p>El pasado 2 de mayo, en dicha localidad ind\u00edgena\nIkoot de San Mateo del Mar, de la regi\u00f3n del Istmo, se registr\u00f3 una disputa\nentre habitantes, que deriv\u00f3 en la quema de viviendas y veh\u00edculos, heridos de\nbala, la retenci\u00f3n de una persona y el asesinato del suplente del agente\nmunicipal de Huazantl\u00e1n.<\/p>\n\n\n\n<p>Por esos hechos, como el de otros\nsimilares que ocurren de forma constante en distintos puntos de la entidad, las\ndiputadas de la 64 Legislatura de Oaxaca propusieron dicho punto de acuerdo en\nsesi\u00f3n ordinaria de los integrantes de la Diputaci\u00f3n Permanente de este\nmi\u00e9rcoles.<\/p>\n\n\n\n<p>El documento expone un exhorto para que\nel gobernador Alejandro Murat y la Secretar\u00eda General de Gobierno implementen\nmecanismos que coadyuven a la soluci\u00f3n de fondo de los conflictos\nintercomunitarios en el estado de Oaxaca.<\/p>\n\n\n\n<p>Piden atenci\u00f3n especial para las\ndemandas hist\u00f3ricas de los pueblos y comunidades ind\u00edgenas.<\/p>\n\n\n\n<p>En el caso de San Mateo del Mar, demandan\nque los mecanismos est\u00e9n encaminados a asegurar la vigencia de los derechos\npol\u00edticos, econ\u00f3micos, sociales y culturales de la poblaci\u00f3n principalmente\npara garantizar a la ni\u00f1ez el derecho a vivir en entornos seguros y libres de\ncualquier forma de violencia.&nbsp; <\/p>\n\n\n\n<p>Como segundo punto, plantean un llamado\nal fiscal General de Oaxaca, Rub\u00e9n Vasconcelos M\u00e9ndez, para que se realicen las\ninvestigaciones correspondientes por el asesinato del agente suplente de la poblaci\u00f3n\nde Huazantl\u00e1n del R\u00edo, as\u00ed como los dem\u00e1s hechos violentos en esa comunidad\nperteneciente al municipio de San Mateo del Mar.<\/p>\n\n\n\n<p>El punto de acuerdo para el exhorto fue\npresentado por Magaly L\u00f3pez Dom\u00ednguez, Hilda Graciela P\u00e9rez Luis, y Elisa\nZepeda Lagunas, integrantes de la Comisi\u00f3n Permanente de Derechos Humanos; el mismo\nfue turnado a comisiones para su an\u00e1lisis y dictaminaci\u00f3n respectiva.<\/p>\n","protected":false},"excerpt":{"rendered":"<p>Yuridiana Sosa\/Zona Roja. Oaxaca de Ju\u00e1rez, Oax., 6 de mayo de 2020.- Diputadas de la&hellip;<\/p>\n","protected":false},"author":2,"featured_media":12045,"comment_status":"closed","ping_status":"open","sticky":false,"template":"","format":"standard","meta":{"_lmt_disableupdate":"","_lmt_disable":"","_jetpack_memberships_contains_paid_content":false,"footnotes":""},"categories":[109,47],"tags":[213],"class_list":["post-12044","post","type-post","status-publish","format-standard","has-post-thumbnail","hentry","category-minuto-a-minuto","category-zona-gris","tag-64-legislatura-de-oaxaca"],"jetpack_featured_media_url":"https:\/\/zonaroja.com.mx\/wp-content\/uploads\/2020\/05\/Diputadas-San-Mateo-del-Mar.jpeg","jetpack_sharing_enabled":true,"_links":{"self":[{"href":"https:\/\/zonaroja.com.mx\/index.php?rest_route=\/wp\/v2\/posts\/12044","targetHints":{"allow":["GET"]}}],"collection":[{"href":"https:\/\/zonaroja.com.mx\/index.php?rest_route=\/wp\/v2\/posts"}],"about":[{"href":"https:\/\/zonaroja.com.mx\/index.php?rest_route=\/wp\/v2\/types\/post"}],"author":[{"embeddable":true,"href":"https:\/\/zonaroja.com.mx\/index.php?rest_route=\/wp\/v2\/users\/2"}],"replies":[{"embeddable":true,"href":"https:\/\/zonaroja.com.mx\/index.php?rest_route=%2Fwp%2Fv2%2Fcomments&post=12044"}],"version-history":[{"count":1,"href":"https:\/\/zonaroja.com.mx\/index.php?rest_route=\/wp\/v2\/posts\/12044\/revisions"}],"predecessor-version":[{"id":12046,"href":"https:\/\/zonaroja.com.mx\/index.php?rest_route=\/wp\/v2\/posts\/12044\/revisions\/12046"}],"wp:featuredmedia":[{"embeddable":true,"href":"https:\/\/zonaroja.com.mx\/index.php?rest_route=\/wp\/v2\/media\/12045"}],"wp:attachment":[{"href":"https:\/\/zonaroja.com.mx\/index.php?rest_route=%2Fwp%2Fv2%2Fmedia&parent=12044"}],"wp:term":[{"taxonomy":"category","embeddable":true,"href":"https:\/\/zonaroja.com.mx\/index.php?rest_route=%2Fwp%2Fv2%2Fcategories&post=12044"},{"taxonomy":"post_tag","embeddable":true,"href":"https:\/\/zonaroja.com.mx\/index.php?rest_route=%2Fwp%2Fv2%2Ftags&post=12044"}],"curies":[{"name":"wp","href":"https:\/\/api.w.org\/{rel}","templated":true}]}}