{"id":12047,"date":"2020-05-06T21:46:45","date_gmt":"2020-05-07T02:46:45","guid":{"rendered":"http:\/\/www.zonaroja.com.mx\/?p=12047"},"modified":"2020-05-06T21:52:33","modified_gmt":"2020-05-07T02:52:33","slug":"termina-miercoles-en-oaxaca-con-una-persona-asesinada-a-balazos","status":"publish","type":"post","link":"https:\/\/zonaroja.com.mx\/?p=12047","title":{"rendered":"Termina mi\u00e9rcoles en Oaxaca con una persona asesinada a balazos"},"content":{"rendered":"\n<p>Redacci\u00f3n\/Zona\nRoja.<\/p>\n\n\n\n<p>Oaxaca de\nJu\u00e1rez, Oax., 6 de mayo de 2020.- Una persona fue asesinada por disparos de arma\nde fuego esta tarde en Puerto Escondido, destino tur\u00edstico de la costa\noaxaque\u00f1a.<\/p>\n\n\n\n<p>El crimen\nse perpetr\u00f3 en un domicilio ubicado en la calle Oc\u00e9ano Atl\u00e1ntico de la colonia\nArroyo Seco, donde sujetos desconocidos arribaron para ultimar al individuo, de\noficio trabajador de la construcci\u00f3n.<\/p>\n\n\n\n<p>La\nv\u00edctima fue identificada por sus familiares como Jes\u00fas N. C., quien fue auxiliado\npor param\u00e9dicos de la Cruz Roja Mexicana, pero ya no pudieron salvarle la vida.<\/p>\n\n\n\n<p>Hasta el\nmomento no hay personas detenidas por este crimen.<\/p>\n","protected":false},"excerpt":{"rendered":"<p>Redacci\u00f3n\/Zona Roja. Oaxaca de Ju\u00e1rez, Oax., 6 de mayo de 2020.- Una persona fue asesinada&hellip;<\/p>\n","protected":false},"author":2,"featured_media":12050,"comment_status":"closed","ping_status":"open","sticky":false,"template":"","format":"standard","meta":{"_lmt_disableupdate":"","_lmt_disable":"","_jetpack_memberships_contains_paid_content":false,"footnotes":""},"categories":[109,51],"tags":[590],"class_list":["post-12047","post","type-post","status-publish","format-standard","has-post-thumbnail","hentry","category-minuto-a-minuto","category-zona-roja","tag-puerto-escondido"],"jetpack_featured_media_url":"https:\/\/zonaroja.com.mx\/wp-content\/uploads\/2020\/05\/img_7822.jpg","jetpack_sharing_enabled":true,"_links":{"self":[{"href":"https:\/\/zonaroja.com.mx\/index.php?rest_route=\/wp\/v2\/posts\/12047","targetHints":{"allow":["GET"]}}],"collection":[{"href":"https:\/\/zonaroja.com.mx\/index.php?rest_route=\/wp\/v2\/posts"}],"about":[{"href":"https:\/\/zonaroja.com.mx\/index.php?rest_route=\/wp\/v2\/types\/post"}],"author":[{"embeddable":true,"href":"https:\/\/zonaroja.com.mx\/index.php?rest_route=\/wp\/v2\/users\/2"}],"replies":[{"embeddable":true,"href":"https:\/\/zonaroja.com.mx\/index.php?rest_route=%2Fwp%2Fv2%2Fcomments&post=12047"}],"version-history":[{"count":1,"href":"https:\/\/zonaroja.com.mx\/index.php?rest_route=\/wp\/v2\/posts\/12047\/revisions"}],"predecessor-version":[{"id":12048,"href":"https:\/\/zonaroja.com.mx\/index.php?rest_route=\/wp\/v2\/posts\/12047\/revisions\/12048"}],"wp:featuredmedia":[{"embeddable":true,"href":"https:\/\/zonaroja.com.mx\/index.php?rest_route=\/wp\/v2\/media\/12050"}],"wp:attachment":[{"href":"https:\/\/zonaroja.com.mx\/index.php?rest_route=%2Fwp%2Fv2%2Fmedia&parent=12047"}],"wp:term":[{"taxonomy":"category","embeddable":true,"href":"https:\/\/zonaroja.com.mx\/index.php?rest_route=%2Fwp%2Fv2%2Fcategories&post=12047"},{"taxonomy":"post_tag","embeddable":true,"href":"https:\/\/zonaroja.com.mx\/index.php?rest_route=%2Fwp%2Fv2%2Ftags&post=12047"}],"curies":[{"name":"wp","href":"https:\/\/api.w.org\/{rel}","templated":true}]}}