{"id":12049,"date":"2020-05-07T07:23:36","date_gmt":"2020-05-07T12:23:36","guid":{"rendered":"http:\/\/www.zonaroja.com.mx\/?p=12049"},"modified":"2020-05-07T07:23:39","modified_gmt":"2020-05-07T12:23:39","slug":"otro-record-en-oaxaca-registran-17-casos-de-covid-19-en-24-horas","status":"publish","type":"post","link":"https:\/\/zonaroja.com.mx\/?p=12049","title":{"rendered":"Otro r\u00e9cord en Oaxaca: registran 17 casos de Covid-19 en 24 horas"},"content":{"rendered":"\n<p>Redacci\u00f3n\/Zona\nRoja.<\/p>\n\n\n\n<p>Oaxaca de\nJu\u00e1rez, Oax., 7 de mayo de 2020.- En 24 horas se registr\u00f3 en Oaxaca un nuevo\nr\u00e9cord en casos de Covid-19: 17 positivos y cuatro fallecimientos.<\/p>\n\n\n\n<p>De\nacuerdo con la dependencia estatal Servicios de Salud de Oaxaca (SSO), al mi\u00e9rcoles\n6 de mayo, se han contabilizado en total 202 casos positivos de coronavirus.<\/p>\n\n\n\n<p>Confirm\u00f3 que\nen 24 horas se registraron 17 nuevos casos positivos y lamentablemente cuatro\nfallecimientos m\u00e1s, sumando 31 decesos en todo el estado a consecuencia de este\nvirus. <\/p>\n\n\n\n<p>Del total\nde muertes, 22 han sido en hombres y nueve en mujeres, las cuales han estado\nasociadas a enfermedades cr\u00f3nicas como&nbsp;\ndiabetes mellitus, hipertensi\u00f3n arterial y obesidad.<\/p>\n\n\n\n<p>Agreg\u00f3\nque se han notificado 943 casos, de los cuales 647 son negativos, 94 son\nsospechosos por lo que est\u00e1n en espera de resultados de laboratorio; y se han\nrecuperado 117 personas, por lo que actualmente hay 54 pacientes activos.<\/p>\n\n\n\n<p>En este\nsentido, dio a conocer que los casos activos, 24 se localizan en la\nJurisdicci\u00f3n Sanitaria n\u00famero uno, Valles Centrales, 10 en el Istmo, nueve en\nla Mixteca, seis en Tuxtepec, cuatro en la Costa y uno en la Sierra Norte.<\/p>\n\n\n\n<p>Agreg\u00f3\nque los cuatro fallecidos que se suman este mi\u00e9rcoles son hombres de 64, 70 y\n85 a\u00f1os de edad, quienes padec\u00edan diabetes e hipertensi\u00f3n, mientras que un\nvar\u00f3n m\u00e1s de 74 a\u00f1os, no presentaba comorbilidad. <\/p>\n\n\n\n<p>Se\u00f1al\u00f3\nque de los 202 casos confirmados, 72 personas son de 25 a 44 a\u00f1os de edad, 42\nest\u00e1n en el rango de 50 a 59 a\u00f1os, 38 de 65 a\u00f1os y m\u00e1s, y 21 en edades de los\n45 a 49 a\u00f1os, por lo que dijo que la enfermedad por Covid-19, afecta a la\npoblaci\u00f3n econ\u00f3micamente activa, ante ello es imperativo \u201cquedarse en casa\u201d y\nser responsables.<\/p>\n\n\n\n<p>Finalmente,\nhizo el llamado a la poblaci\u00f3n y a las autoridades de los 570 municipios, para\nseguir con las medidas preventivas y con ello disminuir los contagios por Covid-19,\nevitando adem\u00e1s la realizaci\u00f3n de eventos en espacios p\u00fablicos o reuniones con\naglomeraci\u00f3n, con la finalidad de reducir el n\u00famero de contagios y evitar la\nsaturaci\u00f3n de hospitales.<\/p>\n","protected":false},"excerpt":{"rendered":"<p>Redacci\u00f3n\/Zona Roja. Oaxaca de Ju\u00e1rez, Oax., 7 de mayo de 2020.- En 24 horas se&hellip;<\/p>\n","protected":false},"author":2,"featured_media":12051,"comment_status":"closed","ping_status":"open","sticky":false,"template":"","format":"standard","meta":{"_lmt_disableupdate":"","_lmt_disable":"","_jetpack_memberships_contains_paid_content":false,"footnotes":""},"categories":[109,47],"tags":[1512],"class_list":["post-12049","post","type-post","status-publish","format-standard","has-post-thumbnail","hentry","category-minuto-a-minuto","category-zona-gris","tag-coronavirus-oaxaca"],"jetpack_featured_media_url":"https:\/\/zonaroja.com.mx\/wp-content\/uploads\/2020\/05\/GRAFICAS-SSO-1.jpeg","jetpack_sharing_enabled":true,"_links":{"self":[{"href":"https:\/\/zonaroja.com.mx\/index.php?rest_route=\/wp\/v2\/posts\/12049","targetHints":{"allow":["GET"]}}],"collection":[{"href":"https:\/\/zonaroja.com.mx\/index.php?rest_route=\/wp\/v2\/posts"}],"about":[{"href":"https:\/\/zonaroja.com.mx\/index.php?rest_route=\/wp\/v2\/types\/post"}],"author":[{"embeddable":true,"href":"https:\/\/zonaroja.com.mx\/index.php?rest_route=\/wp\/v2\/users\/2"}],"replies":[{"embeddable":true,"href":"https:\/\/zonaroja.com.mx\/index.php?rest_route=%2Fwp%2Fv2%2Fcomments&post=12049"}],"version-history":[{"count":1,"href":"https:\/\/zonaroja.com.mx\/index.php?rest_route=\/wp\/v2\/posts\/12049\/revisions"}],"predecessor-version":[{"id":12052,"href":"https:\/\/zonaroja.com.mx\/index.php?rest_route=\/wp\/v2\/posts\/12049\/revisions\/12052"}],"wp:featuredmedia":[{"embeddable":true,"href":"https:\/\/zonaroja.com.mx\/index.php?rest_route=\/wp\/v2\/media\/12051"}],"wp:attachment":[{"href":"https:\/\/zonaroja.com.mx\/index.php?rest_route=%2Fwp%2Fv2%2Fmedia&parent=12049"}],"wp:term":[{"taxonomy":"category","embeddable":true,"href":"https:\/\/zonaroja.com.mx\/index.php?rest_route=%2Fwp%2Fv2%2Fcategories&post=12049"},{"taxonomy":"post_tag","embeddable":true,"href":"https:\/\/zonaroja.com.mx\/index.php?rest_route=%2Fwp%2Fv2%2Ftags&post=12049"}],"curies":[{"name":"wp","href":"https:\/\/api.w.org\/{rel}","templated":true}]}}