{"id":12056,"date":"2020-05-07T09:55:10","date_gmt":"2020-05-07T14:55:10","guid":{"rendered":"http:\/\/www.zonaroja.com.mx\/?p=12056"},"modified":"2020-05-07T09:55:16","modified_gmt":"2020-05-07T14:55:16","slug":"proponen-acciones-comunitarias-para-hacer-frente-al-covid-19","status":"publish","type":"post","link":"https:\/\/zonaroja.com.mx\/?p=12056","title":{"rendered":"Proponen acciones comunitarias para hacer frente al Covid-19"},"content":{"rendered":"\n<p>Evlin\nArag\u00f3n\/Zona Roja.<\/p>\n\n\n\n<p>Oaxaca de\nJu\u00e1rez, Oax., 7 de mayo de 2020.- El Centro Profesional Ind\u00edgena de Asesor\u00eda\nDefensa y Traducci\u00f3n (Cepiadet) y la organizaci\u00f3n Investigaci\u00f3n y Di\u00e1logo para\nla Autogesti\u00f3n Social emitieron una serie de propuestas y recomendaciones\ncomunitarias, principalmente dirigidas a la poblaci\u00f3n ind\u00edgena y afromexicana,\npara hacer frente a la Fase 3 de la contingencia sanitaria declarada en todo el\npa\u00eds.<\/p>\n\n\n\n<p>De\nacuerdo con las asociaciones civiles es fundamental que la poblaci\u00f3n no s\u00f3lo\nconozca del tema, sino que pueda actuar de manera pr\u00e1ctica a fin de agilizar su\natenci\u00f3n m\u00e9dica que podr\u00eda verse mermada ante un posible colapso del sistema de\nsalud en caso que los contagios se salgan de control. <\/p>\n\n\n\n<p>La\npropuesta consiste en tres pasos denominados: reducir y evitar la demora en la\nb\u00fasqueda de atenci\u00f3n; disminuir la demora en el traslado para encontrar\natenci\u00f3n; y finalmente prever elementos para disminuir la demora en recibir la\natenci\u00f3n adecuada. <\/p>\n\n\n\n<p>En el\nprimero refiere a la necesidad que las familias puedan reconocer signos y\ns\u00edntomas de alarma que requiera atenci\u00f3n hospitalaria y cu\u00e1les no en caso de\ncontagio por Covid-19. <\/p>\n\n\n\n<p>As\u00ed mismo,\nsaber las medidas necesarias que permitan la atenci\u00f3n de casos no graves al\ninterior de las viviendas y c\u00f3mo reducir el contagio de quienes viven en un\nmismo espacio. <\/p>\n\n\n\n<p>El\nsegundo punto invita a la poblaci\u00f3n a establecer una ruta id\u00f3nea de traslado de\npacientes con complicaciones graves por coronavirus, particularmente en las\nzonas ind\u00edgenas y afromexicana, en las qu\u00e9 hay que ubicar el costo del\ntransporte, as\u00ed como que unidad podr\u00eda recibirlos para no hacer un viaje largo\ny costoso que al final no sirva para obtener la atenci\u00f3n m\u00e9dica deseada. <\/p>\n\n\n\n<p>Finalmente,\nel tercer y \u00faltimo punto refiere la necesidad de identificar y difundir si la\nred de servicios para pacientes con Covid-19 cuenta con los recursos materiales\ny humanos, no solo para atender a la poblaci\u00f3n que de positivo en contagio,\nsino para evitar que el personal m\u00e9dico pueda verse afectada al brindar la\natenci\u00f3n. <\/p>\n\n\n\n<p>\u201cEs\nnecesario activar una contralor\u00eda y monitoreo ciudadano de la operaci\u00f3n de\nlos hospitales que atender\u00e1n Covid-19 que, al margen del golpeteo pol\u00edtico\nque esto implica, garantice la calidad en la atenci\u00f3n de pacientes con\ncomplicaciones del Covid-19\u201d, cita la propuesta. <\/p>\n\n\n\n<p>De\nacuerdo con las organizaciones sociales, ante la pandemia y debido a los a\u00f1os\nde corrupci\u00f3n, saqueo y racismo institucional que han derivado en un sistema de\nsalud deficiente para las comunidades ind\u00edgenas, son necesarias las propuestas\ncomunitarias para evitar que una vez sea este sector poblaci\u00f3n el m\u00e1s afectado\ncon la atenci\u00f3n precaria.<\/p>\n\n\n\n<p>Lamentablemente\nprev\u00e9n escenarios cr\u00edticos en las zonas rurales en caso de presentarse\ncontagios masivos debido a la falta de centros de salud u hospitalarios,\nrecursos humanos y materiales, raz\u00f3n por que alertaron a las comunidades\nind\u00edgenas a presentar sus denuncias en caso de que exista una negativa para la\natenci\u00f3n m\u00e9dica.<\/p>\n\n\n\n<p>Finalmente\nrecordaron que el Estado mexicano tiene la obligaci\u00f3n de garantizar el derecho humano\na la salud como bien p\u00fablico que debe ser protegido, por lo que instaron a las\nautoridades a tomar en cuenta a las comunidades ind\u00edgenas, con sus respectivas\nparticularidades, a fin de que puedan hacer frente a la pandemia.<\/p>\n","protected":false},"excerpt":{"rendered":"<p>Evlin Arag\u00f3n\/Zona Roja. Oaxaca de Ju\u00e1rez, Oax., 7 de mayo de 2020.- El Centro Profesional&hellip;<\/p>\n","protected":false},"author":2,"featured_media":12057,"comment_status":"closed","ping_status":"open","sticky":false,"template":"","format":"standard","meta":{"_lmt_disableupdate":"","_lmt_disable":"","_jetpack_memberships_contains_paid_content":false,"footnotes":""},"categories":[109,47],"tags":[1512],"class_list":["post-12056","post","type-post","status-publish","format-standard","has-post-thumbnail","hentry","category-minuto-a-minuto","category-zona-gris","tag-coronavirus-oaxaca"],"jetpack_featured_media_url":"https:\/\/zonaroja.com.mx\/wp-content\/uploads\/2020\/05\/IMG_8571.jpg","jetpack_sharing_enabled":true,"_links":{"self":[{"href":"https:\/\/zonaroja.com.mx\/index.php?rest_route=\/wp\/v2\/posts\/12056","targetHints":{"allow":["GET"]}}],"collection":[{"href":"https:\/\/zonaroja.com.mx\/index.php?rest_route=\/wp\/v2\/posts"}],"about":[{"href":"https:\/\/zonaroja.com.mx\/index.php?rest_route=\/wp\/v2\/types\/post"}],"author":[{"embeddable":true,"href":"https:\/\/zonaroja.com.mx\/index.php?rest_route=\/wp\/v2\/users\/2"}],"replies":[{"embeddable":true,"href":"https:\/\/zonaroja.com.mx\/index.php?rest_route=%2Fwp%2Fv2%2Fcomments&post=12056"}],"version-history":[{"count":1,"href":"https:\/\/zonaroja.com.mx\/index.php?rest_route=\/wp\/v2\/posts\/12056\/revisions"}],"predecessor-version":[{"id":12058,"href":"https:\/\/zonaroja.com.mx\/index.php?rest_route=\/wp\/v2\/posts\/12056\/revisions\/12058"}],"wp:featuredmedia":[{"embeddable":true,"href":"https:\/\/zonaroja.com.mx\/index.php?rest_route=\/wp\/v2\/media\/12057"}],"wp:attachment":[{"href":"https:\/\/zonaroja.com.mx\/index.php?rest_route=%2Fwp%2Fv2%2Fmedia&parent=12056"}],"wp:term":[{"taxonomy":"category","embeddable":true,"href":"https:\/\/zonaroja.com.mx\/index.php?rest_route=%2Fwp%2Fv2%2Fcategories&post=12056"},{"taxonomy":"post_tag","embeddable":true,"href":"https:\/\/zonaroja.com.mx\/index.php?rest_route=%2Fwp%2Fv2%2Ftags&post=12056"}],"curies":[{"name":"wp","href":"https:\/\/api.w.org\/{rel}","templated":true}]}}