{"id":12059,"date":"2020-05-07T10:24:44","date_gmt":"2020-05-07T15:24:44","guid":{"rendered":"http:\/\/www.zonaroja.com.mx\/?p=12059"},"modified":"2020-05-07T10:24:47","modified_gmt":"2020-05-07T15:24:47","slug":"pese-a-que-amlo-lo-niega-repunta-violencia-familiar-en-mexico","status":"publish","type":"post","link":"https:\/\/zonaroja.com.mx\/?p=12059","title":{"rendered":"Pese a que AMLO lo niega, repunta violencia familiar en M\u00e9xico"},"content":{"rendered":"\n<p>Redacci\u00f3n\/Zona\nRoja Cdmx.<\/p>\n\n\n\n<p>Ciudad de\nM\u00e9xico, 7 de mayo de 2020.- Contrario a lo dicho por el presidente Andr\u00e9s\nManuel L\u00f3pez Obrador, la violencia familiar s\u00ed ha aumentado durante la\ncontingencia a causas del Covid-19.<\/p>\n\n\n\n<p>El diario\n\u201cReforma\u201d public\u00f3 hoy que datos oficiales indican que en marzo, mes que marc\u00f3\nel inicio de la contingencia sanitaria y las medidas de confinamiento, se\nabrieron 20 mil 232 carpetas de investigaci\u00f3n por ese delito.<\/p>\n\n\n\n<p>\u00c9sta\ncifra represent\u00f3 un aumento del 13.7 por ciento con respecto a febrero, que\ntuvo 17 mil 794, de acuerdo con datos del secretariado ejecutivo del Sistema\nNacional de Seguridad P\u00fablica (SESNSP).<\/p>\n\n\n\n<p>Si se\ncompara con el mismo mes de 2019, que registr\u00f3 16 mil 397, el crecimiento del\ndelito en marzo pasado fue de 23.3 por ciento, dio a conocer \u201cReforma\u201d.<\/p>\n\n\n\n<p>Marzo\ntambi\u00e9n registr\u00f3 la cifra mensual m\u00e1s alta en lo que va de la administraci\u00f3n de\nL\u00f3pez Obrador, que arranc\u00f3 en diciembre de 2018.<\/p>\n\n\n\n<p>Las\nestad\u00edsticas del SESNSP indican que, tan s\u00f3lo en los primeros tres meses del\na\u00f1o, las procuradur\u00edas y fiscal\u00edas estatales abrieron 53 mil 877 carpetas por\nviolencia familiar.<\/p>\n\n\n\n<p>El\npromedio diario de carpetas iniciadas por ese il\u00edcito pas\u00f3 de 511 en enero a\n613 en febrero y a 652 en marzo, seg\u00fan la informaci\u00f3n publicada por el diario \u201cReforma\u201d.<\/p>\n\n\n\n<p>Desde que\ninici\u00f3 la contingencia sanitaria, las autoridades federales y estatales\nadvirtieron de un posible repunte de la violencia familiar.<\/p>\n\n\n\n<p>No\nobstante, se desconoc\u00eda si se reflejar\u00eda en llamadas de auxilio al n\u00famero de\nemergencias 911 y denuncias ante el Ministerio P\u00fablico.<\/p>\n\n\n\n<p>\u201cReforma\u201d\npublic\u00f3 el 3 de mayo que los incidentes de violencia familiar reportados al 911\naumentaron m\u00e1s de 22.7 por ciento en marzo, en comparaci\u00f3n con febrero.<\/p>\n\n\n\n<p>LO NIEGA<\/p>\n\n\n\n<p>En su\nconferencia matutina de ayer, L\u00f3pez Obrador afirm\u00f3 que en el caso de la\nviolencia contra las mujeres no se advierte un incremento durante la\ncontingencia por el Covid-19.<\/p>\n\n\n\n<p>\u00abDesde\nluego la forma que tenemos de medirlo son las denuncias que se presentan, puede\nhaber cifra negra, pero en las denuncias no ha habido un incremento\u00bb,\nasever\u00f3.<\/p>\n\n\n\n<p>La\nentidad que acumul\u00f3 m\u00e1s carpetas por violencia familiar durante marzo fue la\nCiudad de M\u00e9xico, con 2 mil 792 carpetas.<\/p>\n\n\n\n<p>En contraste,\nen los \u00faltimos lugares estuvieron Tlaxcala, con cero carpetas iniciadas;\nCampeche, con 7; Nayarit, con 82; Yucat\u00e1n, con 87; y Michoac\u00e1n, con 120.<\/p>\n\n\n\n<p>Los datos\ncorrespondientes a abril se tendr\u00e1n hasta el pr\u00f3ximo 20 de mayo.<\/p>\n\n\n\n<p>Once\nentidades registran el mayor n\u00famero de expedientes por violencia familiar\ndurante marzo de 2020.<\/p>\n\n\n\n<p>Entidad y\nn\u00famero de carpetas abiertas<\/p>\n\n\n\n<p>Ciudad de\nM\u00e9xico: 2,792<\/p>\n\n\n\n<p>Nuevo\nLe\u00f3n: 1,670<\/p>\n\n\n\n<p>Jalisco:\n1,094<\/p>\n\n\n\n<p>Baja\nCalifornia: 998<\/p>\n\n\n\n<p>Edomex:\n998<\/p>\n\n\n\n<p>Guanajuato:\n997<\/p>\n\n\n\n<p>Puebla:\n981<\/p>\n\n\n\n<p>Chihuahua:\n894<\/p>\n\n\n\n<p>Coahuila:\n833<\/p>\n\n\n\n<p>San Luis\nPotos\u00ed: 703<\/p>\n\n\n\n<p>Veracruz:\n673<\/p>\n","protected":false},"excerpt":{"rendered":"<p>Redacci\u00f3n\/Zona Roja Cdmx. Ciudad de M\u00e9xico, 7 de mayo de 2020.- Contrario a lo dicho&hellip;<\/p>\n","protected":false},"author":2,"featured_media":6012,"comment_status":"closed","ping_status":"open","sticky":false,"template":"","format":"standard","meta":{"_lmt_disableupdate":"","_lmt_disable":"","_jetpack_memberships_contains_paid_content":false,"footnotes":""},"categories":[109,51],"tags":[1328],"class_list":["post-12059","post","type-post","status-publish","format-standard","has-post-thumbnail","hentry","category-minuto-a-minuto","category-zona-roja","tag-coronavirus-mexico"],"jetpack_featured_media_url":"https:\/\/zonaroja.com.mx\/wp-content\/uploads\/2019\/11\/Violencia-de-G\u00e9nero-3.png","jetpack_sharing_enabled":true,"_links":{"self":[{"href":"https:\/\/zonaroja.com.mx\/index.php?rest_route=\/wp\/v2\/posts\/12059","targetHints":{"allow":["GET"]}}],"collection":[{"href":"https:\/\/zonaroja.com.mx\/index.php?rest_route=\/wp\/v2\/posts"}],"about":[{"href":"https:\/\/zonaroja.com.mx\/index.php?rest_route=\/wp\/v2\/types\/post"}],"author":[{"embeddable":true,"href":"https:\/\/zonaroja.com.mx\/index.php?rest_route=\/wp\/v2\/users\/2"}],"replies":[{"embeddable":true,"href":"https:\/\/zonaroja.com.mx\/index.php?rest_route=%2Fwp%2Fv2%2Fcomments&post=12059"}],"version-history":[{"count":1,"href":"https:\/\/zonaroja.com.mx\/index.php?rest_route=\/wp\/v2\/posts\/12059\/revisions"}],"predecessor-version":[{"id":12060,"href":"https:\/\/zonaroja.com.mx\/index.php?rest_route=\/wp\/v2\/posts\/12059\/revisions\/12060"}],"wp:featuredmedia":[{"embeddable":true,"href":"https:\/\/zonaroja.com.mx\/index.php?rest_route=\/wp\/v2\/media\/6012"}],"wp:attachment":[{"href":"https:\/\/zonaroja.com.mx\/index.php?rest_route=%2Fwp%2Fv2%2Fmedia&parent=12059"}],"wp:term":[{"taxonomy":"category","embeddable":true,"href":"https:\/\/zonaroja.com.mx\/index.php?rest_route=%2Fwp%2Fv2%2Fcategories&post=12059"},{"taxonomy":"post_tag","embeddable":true,"href":"https:\/\/zonaroja.com.mx\/index.php?rest_route=%2Fwp%2Fv2%2Ftags&post=12059"}],"curies":[{"name":"wp","href":"https:\/\/api.w.org\/{rel}","templated":true}]}}