{"id":12061,"date":"2020-05-07T12:09:34","date_gmt":"2020-05-07T17:09:34","guid":{"rendered":"http:\/\/www.zonaroja.com.mx\/?p=12061"},"modified":"2020-05-07T12:09:36","modified_gmt":"2020-05-07T17:09:36","slug":"urge-programa-de-salud-mental-para-quienes-han-perdido-a-familiares-por-covid","status":"publish","type":"post","link":"https:\/\/zonaroja.com.mx\/?p=12061","title":{"rendered":"Urge programa de salud mental para quienes han perdido a familiares por Covid"},"content":{"rendered":"\n<p>Yuridiana\nSosa\/Zona Roja.<\/p>\n\n\n\n<p>Oaxaca de Ju\u00e1rez, Oax., 7 de mayo de 2020.- Ante la imposibilidad de transitar su duelo acorde a sus costumbres y tradiciones, urge un programa de salud mental para familiares de quienes han perdido a un ser querido a causa del coronavirus.<\/p>\n\n\n\n<p>As\u00ed lo propuso\nla diputada Magaly L\u00f3pez Dom\u00ednguez, quien se\u00f1al\u00f3 adem\u00e1s los insuficientes\ndetalles para la realizaci\u00f3n de un funeral de quienes han fallecido a causa de\nla pandemia.<\/p>\n\n\n\n<p>La legisladora por el Partido Morena, representante del distrito de Ocotl\u00e1n, present\u00f3 ayer en la sesi\u00f3n de la Diputaci\u00f3n Permanente de la 64 Legislatura una propuesta de Punto de Acuerdo para exhortar al gobernador Alejandro Murat Hinojosa que se ponga mayor atenci\u00f3n a estos procesos de duelo y a los familiares.<\/p>\n\n\n\n<p>Expuso\nque para evitar afectaciones de salud mental y emocionales de la poblaci\u00f3n ante\nla prohibici\u00f3n de despedirse de sus seres queridos, son necesarias atenciones\ngratuitas que ayuden emocionalmente a las personas en la fase de duelo.<\/p>\n\n\n\n<p>L\u00f3pez\nDom\u00ednguez propuso un su exhorto que se ordene a los Servicios de Salud de\nOaxaca realizar campa\u00f1as informativas sobre los cuidados y recomendaciones para\nla celebraci\u00f3n de los rituales o ceremonias f\u00fanebres de inhumaci\u00f3n tanto para\nlas personas que hayan fallecido por COVID-19, o cualquier otra enfermedad, en\nmedio de la pandemia.<\/p>\n\n\n\n<p>Dicho\ntrabajo, dijo, debe considerar las necesidades y las medidas que hayan tomado\nlas comunidades ind\u00edgenas en torno a la protecci\u00f3n de contagios en sus\nterritorios, as\u00ed como lo establecido en la Gu\u00eda de Manejo de Cad\u00e1veres por\nCOVID-19 (SARS-CoV-2) en M\u00e9xico.<\/p>\n\n\n\n<p>Pues\nhasta el momento existe informaci\u00f3n sesgada a nivel estatal, instruy\u00e9ndose la\nprohibici\u00f3n de ceremonias de inhumaci\u00f3n argumentando que hay una prohibici\u00f3n\npara su realizaci\u00f3n.<\/p>\n\n\n\n<p>El\ngobierno federal, explic\u00f3, aconsej\u00f3 \u201cevitar la realizaci\u00f3n de rituales f\u00fanebres\nque conlleven reuniones o aglomeraciones de personas en contacto con el cuerpo\nsiguiendo los lineamientos de la Jornada de Sana Distancia\u201d, pero, \u201cen caso de\nrealizarse, se recomienda sea menor de 4 horas, con f\u00e9retro cerrado y con menos\nde 20 personas siempre y cuando el espacio pueda asegurar una sana distancia\u201d.<\/p>\n\n\n\n<p>Reiter\u00f3\nque el acuerdo por el que se expiden los \u201cLineamientos Generales para el Manejo\nSeguro, Traslado y Disposici\u00f3n Final de Cad\u00e1veres por Covid -1\u201d,&nbsp; solo hace referencia a la prohibici\u00f3n de los\nservicios de velaci\u00f3n y velatorios en domicilios particulares, y se les impone\na las autoridades municipales el deber de colaborar adoptando medidas\nsanitarias durante la inhumaci\u00f3n sin discriminaci\u00f3n alguna, as\u00ed como dar el\nseguimiento al cumplimiento de los presentes lineamientos, lo que no es muy\nclaro, ya que no se establecieron ni las m\u00e1s m\u00ednimas recomendaciones.<\/p>\n\n\n\n<p>En el\nestado, dijo, una treintena de familias que han perdido a sus familiares a\nconsecuencia de Covid-19, necesitan asesor\u00eda y terapia de duelo, pues no han\ntenido un proceso de cierre de ciclos como lo hubiesen hecho en otras\ncondiciones y circunstancias, pues tambi\u00e9n ha implicado discriminaci\u00f3n o\nrechazo de la poblaci\u00f3n.<\/p>\n\n\n\n<p>La\npropuesta de Punto de Acuerdo fue turnado a comisiones para su an\u00e1lisis y\nrespectiva elaboraci\u00f3n de dictamen.<\/p>\n","protected":false},"excerpt":{"rendered":"<p>Yuridiana Sosa\/Zona Roja. Oaxaca de Ju\u00e1rez, Oax., 7 de mayo de 2020.- Ante la imposibilidad&hellip;<\/p>\n","protected":false},"author":2,"featured_media":11209,"comment_status":"closed","ping_status":"open","sticky":false,"template":"","format":"standard","meta":{"_lmt_disableupdate":"","_lmt_disable":"","_jetpack_memberships_contains_paid_content":false,"footnotes":""},"categories":[109,46],"tags":[192],"class_list":["post-12061","post","type-post","status-publish","format-standard","has-post-thumbnail","hentry","category-minuto-a-minuto","category-zona-blanca","tag-diputada-magaly-lopez-dominguez"],"jetpack_featured_media_url":"https:\/\/zonaroja.com.mx\/wp-content\/uploads\/2020\/04\/Llama-Magaly-Lo\u0301pez-a-privilegiarDerechos-Humanos-en-comunidades-indigenas-durante-contingencia-1.jpeg","jetpack_sharing_enabled":true,"_links":{"self":[{"href":"https:\/\/zonaroja.com.mx\/index.php?rest_route=\/wp\/v2\/posts\/12061","targetHints":{"allow":["GET"]}}],"collection":[{"href":"https:\/\/zonaroja.com.mx\/index.php?rest_route=\/wp\/v2\/posts"}],"about":[{"href":"https:\/\/zonaroja.com.mx\/index.php?rest_route=\/wp\/v2\/types\/post"}],"author":[{"embeddable":true,"href":"https:\/\/zonaroja.com.mx\/index.php?rest_route=\/wp\/v2\/users\/2"}],"replies":[{"embeddable":true,"href":"https:\/\/zonaroja.com.mx\/index.php?rest_route=%2Fwp%2Fv2%2Fcomments&post=12061"}],"version-history":[{"count":1,"href":"https:\/\/zonaroja.com.mx\/index.php?rest_route=\/wp\/v2\/posts\/12061\/revisions"}],"predecessor-version":[{"id":12062,"href":"https:\/\/zonaroja.com.mx\/index.php?rest_route=\/wp\/v2\/posts\/12061\/revisions\/12062"}],"wp:featuredmedia":[{"embeddable":true,"href":"https:\/\/zonaroja.com.mx\/index.php?rest_route=\/wp\/v2\/media\/11209"}],"wp:attachment":[{"href":"https:\/\/zonaroja.com.mx\/index.php?rest_route=%2Fwp%2Fv2%2Fmedia&parent=12061"}],"wp:term":[{"taxonomy":"category","embeddable":true,"href":"https:\/\/zonaroja.com.mx\/index.php?rest_route=%2Fwp%2Fv2%2Fcategories&post=12061"},{"taxonomy":"post_tag","embeddable":true,"href":"https:\/\/zonaroja.com.mx\/index.php?rest_route=%2Fwp%2Fv2%2Ftags&post=12061"}],"curies":[{"name":"wp","href":"https:\/\/api.w.org\/{rel}","templated":true}]}}