{"id":12063,"date":"2020-05-07T12:16:59","date_gmt":"2020-05-07T17:16:59","guid":{"rendered":"http:\/\/www.zonaroja.com.mx\/?p=12063"},"modified":"2020-05-07T12:17:01","modified_gmt":"2020-05-07T17:17:01","slug":"piden-renuncia-del-director-del-issste-insisten-en-la-falta-de-recursos-para-atender-covid-19","status":"publish","type":"post","link":"https:\/\/zonaroja.com.mx\/?p=12063","title":{"rendered":"Piden renuncia del director del ISSSTE, insisten en la falta de recursos para atender Covid-19"},"content":{"rendered":"\n<p>Evlin\nArag\u00f3n\/Zona Roja.<\/p>\n\n\n\n<p>Oaxaca de\nJu\u00e1rez, Oax., 7 de mayo de 2020.- Personal m\u00e9dico del Hospital Regional\nPresidente \u201cBenito Ju\u00e1rez\u201d del ISSSTE en Oaxaca, pidi\u00f3 la renuncia del director\nde nosocomio ante la falta de recursos para atender la pandemia por Covid-19,\nlo cual pone en riesgo tanto a profesionales de la salud como a las y los\nusuarios con s\u00edntomas del virus.<\/p>\n\n\n\n<p>Acusaron\na Jes\u00fas Gonzalo L\u00f3pez Cruz de no mostrar el suficiente liderazgo para conseguir\nque el nosocomio cuente con los recursos necesarios para atender la\ncontingencia, incluso con insumos b\u00e1sicos como el cubrebocas, el cual han\ntenido que comprar con sus propios recursos para atender a la poblaci\u00f3n que lo\nnecesita.<\/p>\n\n\n\n<p>Por lo\nanterior desconocieron su representaci\u00f3n como director y aseguraron que\ninstalar\u00e1n un Comit\u00e9 de Emergencia con personal que tenga experiencia en la\natenci\u00f3n de Covid-19, dado que el hospital ha sido designado por las autoridades\nestatales para recibir casos del virus que se encuentra en su etapa de mayor\ncontagio en el pa\u00eds.<\/p>\n\n\n\n<p>\u201cSe le\npidi\u00f3 su renuncia de buena forma a fin de que haga conciencia de los riegos a\nlos que nos ha llevado su falta de liderazgo al no exigir a las autoridades que\ncumplan con el equipamiento del hospital para la atenci\u00f3n de la pandemia\u201d\nexplic\u00f3 el m\u00e9dico V\u00edctor Cruz Lucas, en representaci\u00f3n de sus compa\u00f1eros.<\/p>\n\n\n\n<p>En este\nsentido, detall\u00f3 que el hospital del ISSSTE ha sido designado desde el inicio\ncomo uno de los destinos para atender personas con contagio confirmado de\nCovid-19, prueba de ello es que en estos momentos cuentan con cuatro pacientes\ninternados, lo cual obliga a las autoridades a brindar atenci\u00f3n m\u00e9dica de\nemergencia.<\/p>\n\n\n\n<p>Sin\nembargo, la operatividad al interior del nosocomio no ha sido la adecuada, la\ncoordinaci\u00f3n para la atenci\u00f3n de casos se ha quedado corta, demostrando que la\ndirecci\u00f3n no ha sido la adecuada, raz\u00f3n por la que proponen un cambio a partir\nde la renuncia del director.<\/p>\n\n\n\n<p>Explicaron\nque de ning\u00fan motivo est\u00e1 en duda la atenci\u00f3n de las y los pacientes, ya que\ncontinuar\u00e1n trabajando y tratando de resolver un problema de car\u00e1cter\nadministrativo a fin de que no ponga en riesgo la operatividad y la buena\nrespuesta de parte del personal m\u00e9dico ante la pandemia.<\/p>\n\n\n\n<p>\u201cNo\nestamos dejando a un lado el trabajo, seguimos adelante en la atenci\u00f3n a la\npandemia. Lo que s\u00ed queremos es crear un comit\u00e9 de expertos en el \u00e1rea para\npoder hacer frente de forma responsable y profesional a la situaci\u00f3n\u201d, dijo.<\/p>\n\n\n\n<p>Dicho\ncomit\u00e9 estar\u00eda confirmado por especialistas en las diferentes ramas de la\nmedicina, algunos de los que ya han estado al frente de la atenci\u00f3n de casos de\ncoronavirus, que sepan c\u00f3mo actuar ante la emergencia y pueden organizar de\nforma interna la atenci\u00f3n m\u00e9dica sin descuidar la protecci\u00f3n que necesita el\npersonal.<\/p>\n\n\n\n<p>Lo\nanterior con el antecedente de que cinco trabajadores del nosocomio fueron\naislados por presunto riesgo de contagio, mismos que&nbsp; se encuentran en sus viviendas y se mantienen\nen observaci\u00f3n por parte de las autoridades en materia epidemiol\u00f3gica.<\/p>\n\n\n\n<p>Finalmente,\nen representaci\u00f3n de la base trabajadora, reproch\u00f3 que las autoridades del\nhospital y de salud a nivel estatal mantengan una actitud ap\u00e1tica ante un\npandemia que se encuentra en su punto m\u00e1ximo de contagio y a sabiendas que\ndependiendo de su actuaci\u00f3n se dar\u00e1 un buen fin a la misma.<\/p>\n","protected":false},"excerpt":{"rendered":"<p>Evlin Arag\u00f3n\/Zona Roja. Oaxaca de Ju\u00e1rez, Oax., 7 de mayo de 2020.- Personal m\u00e9dico del&hellip;<\/p>\n","protected":false},"author":2,"featured_media":12064,"comment_status":"closed","ping_status":"open","sticky":false,"template":"","format":"standard","meta":{"_lmt_disableupdate":"","_lmt_disable":"","_jetpack_memberships_contains_paid_content":false,"footnotes":""},"categories":[109,47],"tags":[1512],"class_list":["post-12063","post","type-post","status-publish","format-standard","has-post-thumbnail","hentry","category-minuto-a-minuto","category-zona-gris","tag-coronavirus-oaxaca"],"jetpack_featured_media_url":"https:\/\/zonaroja.com.mx\/wp-content\/uploads\/2020\/05\/8b2b56b7-99ce-4d8d-842e-618b16b1fd6f.jpg","jetpack_sharing_enabled":true,"_links":{"self":[{"href":"https:\/\/zonaroja.com.mx\/index.php?rest_route=\/wp\/v2\/posts\/12063","targetHints":{"allow":["GET"]}}],"collection":[{"href":"https:\/\/zonaroja.com.mx\/index.php?rest_route=\/wp\/v2\/posts"}],"about":[{"href":"https:\/\/zonaroja.com.mx\/index.php?rest_route=\/wp\/v2\/types\/post"}],"author":[{"embeddable":true,"href":"https:\/\/zonaroja.com.mx\/index.php?rest_route=\/wp\/v2\/users\/2"}],"replies":[{"embeddable":true,"href":"https:\/\/zonaroja.com.mx\/index.php?rest_route=%2Fwp%2Fv2%2Fcomments&post=12063"}],"version-history":[{"count":1,"href":"https:\/\/zonaroja.com.mx\/index.php?rest_route=\/wp\/v2\/posts\/12063\/revisions"}],"predecessor-version":[{"id":12065,"href":"https:\/\/zonaroja.com.mx\/index.php?rest_route=\/wp\/v2\/posts\/12063\/revisions\/12065"}],"wp:featuredmedia":[{"embeddable":true,"href":"https:\/\/zonaroja.com.mx\/index.php?rest_route=\/wp\/v2\/media\/12064"}],"wp:attachment":[{"href":"https:\/\/zonaroja.com.mx\/index.php?rest_route=%2Fwp%2Fv2%2Fmedia&parent=12063"}],"wp:term":[{"taxonomy":"category","embeddable":true,"href":"https:\/\/zonaroja.com.mx\/index.php?rest_route=%2Fwp%2Fv2%2Fcategories&post=12063"},{"taxonomy":"post_tag","embeddable":true,"href":"https:\/\/zonaroja.com.mx\/index.php?rest_route=%2Fwp%2Fv2%2Ftags&post=12063"}],"curies":[{"name":"wp","href":"https:\/\/api.w.org\/{rel}","templated":true}]}}