{"id":12066,"date":"2020-05-07T14:44:28","date_gmt":"2020-05-07T19:44:28","guid":{"rendered":"http:\/\/www.zonaroja.com.mx\/?p=12066"},"modified":"2020-05-07T14:44:31","modified_gmt":"2020-05-07T19:44:31","slug":"con-bloqueo-y-retencion-de-edil-desplazados-de-sola-de-vega-exigen-seguridad","status":"publish","type":"post","link":"https:\/\/zonaroja.com.mx\/?p=12066","title":{"rendered":"Con bloqueo y retenci\u00f3n de edil, desplazados de Sola de Vega exigen seguridad"},"content":{"rendered":"\n<p>Yuridiana\nSosa\/Zona Roja.<\/p>\n\n\n\n<p>Oaxaca de\nJu\u00e1rez, Oax., 7 de mayo de 2020.-&nbsp;\nHabitantes desplazados de San Jos\u00e9 Obrero Paso Ancho y Rancho Viejo, de Villa\nSola de Vega, instalaron un bloqueo en la carretera federal 131 Oaxaca- Puerto\nEscondido, para exigir atenci\u00f3n del gobierno estatal sobre la inseguridad en la\nzona, derivada de un l\u00edo agrario con San Vicente Coatl\u00e1n.<\/p>\n\n\n\n<p>As\u00ed\ntambi\u00e9n, los pobladores &#8211;que desde el pasado 5 de mayo mantienen protestas&#8211;\nretuvieron al presidente de Sola de Vega, Esa\u00fa N\u00fa\u00f1ez Calvo, en las\ninstalaciones de la Casa de la Cultura, como medida de presi\u00f3n para que la\nSecretar\u00eda General de Gobierno (Segego) establezca las condiciones de paz para\nel regreso a sus comunidades.<\/p>\n\n\n\n<p>San Jos\u00e9\nObrero Paso Ancho ha sido v\u00edctima de m\u00faltiples invasiones violentas por parte\nde los vecinos de San Vicente Coatl\u00e1n, el m\u00e1s reciente dej\u00f3 como saldo una\npersona muerta por disparos de arma de fuego, seg\u00fan informaron.<\/p>\n\n\n\n<p>Los enfrentamientos comenzaron desde el a\u00f1o 2012 y desde hace tres a\u00f1os cerca de 100 familias se han visto forzadas a desplazarse de sus comunidades ante las invasiones de Coatl\u00e1n, a pesar que los fallos judiciales y en materia agraria son a favor de Sola de Vega.<\/p>\n\n\n\n<figure class=\"wp-block-image\"><img decoding=\"async\" width=\"1024\" height=\"576\" src=\"http:\/\/www.zonaroja.com.mx\/wp-content\/uploads\/2020\/05\/Bloqueo-Sola-de-Vega-3-1024x576.jpg\" alt=\"\" class=\"wp-image-12068\" srcset=\"https:\/\/zonaroja.com.mx\/wp-content\/uploads\/2020\/05\/Bloqueo-Sola-de-Vega-3-1024x576.jpg 1024w, https:\/\/zonaroja.com.mx\/wp-content\/uploads\/2020\/05\/Bloqueo-Sola-de-Vega-3-300x169.jpg 300w, https:\/\/zonaroja.com.mx\/wp-content\/uploads\/2020\/05\/Bloqueo-Sola-de-Vega-3-768x432.jpg 768w, https:\/\/zonaroja.com.mx\/wp-content\/uploads\/2020\/05\/Bloqueo-Sola-de-Vega-3-585x329.jpg 585w, https:\/\/zonaroja.com.mx\/wp-content\/uploads\/2020\/05\/Bloqueo-Sola-de-Vega-3.jpg 1032w\" sizes=\"(max-width: 1024px) 100vw, 1024px\" \/><\/figure>\n\n\n\n<p>Los\nmanifestantes advirtieron que no retirar\u00e1n el bloqueo en tanto no se establezca\nuna audiencia con el gobernador Alejandro Murat Hinojosa, pues hasta el momento\nla Segego es omisa a su \u00fanica petici\u00f3n, que es garant\u00eda de paz y seguridad para\npermanecer en sus comunidades.<\/p>\n\n\n\n<p>Desde el\npasado lunes, el edil y moradores de dichas comunidades arribaron a la sede de la\nDefensor\u00eda de los Derechos Humanos, para denunciar el conflicto con Coatl\u00e1n. <\/p>\n\n\n\n<p>No\nobstante, San Vicente asegura que tiene la raz\u00f3n jur\u00eddica y que un tribunal\nagrario les ha reconocido la posesi\u00f3n de las tierras en disputa.<\/p>\n\n\n\n<p>El\nantecedente del m\u00e1s reciente conflicto fue un incendio forestal, hace dos\nsemanas, ocurrido en el l\u00edmite de ambos municipios, donde se denunci\u00f3 entonces\nadem\u00e1s, ataques armados, sin que hubiera confirmaci\u00f3n oficial.<\/p>\n","protected":false},"excerpt":{"rendered":"<p>Yuridiana Sosa\/Zona Roja. Oaxaca de Ju\u00e1rez, Oax., 7 de mayo de 2020.-&nbsp; Habitantes desplazados de&hellip;<\/p>\n","protected":false},"author":2,"featured_media":12067,"comment_status":"closed","ping_status":"open","sticky":false,"template":"","format":"standard","meta":{"_lmt_disableupdate":"","_lmt_disable":"","_jetpack_memberships_contains_paid_content":false,"footnotes":""},"categories":[109,47],"tags":[1236],"class_list":["post-12066","post","type-post","status-publish","format-standard","has-post-thumbnail","hentry","category-minuto-a-minuto","category-zona-gris","tag-villa-sola-de-vega"],"jetpack_featured_media_url":"https:\/\/zonaroja.com.mx\/wp-content\/uploads\/2020\/05\/8b3b71f3-cd99-4a21-bc8d-57f0ee7bf4ff.jpg","jetpack_sharing_enabled":true,"_links":{"self":[{"href":"https:\/\/zonaroja.com.mx\/index.php?rest_route=\/wp\/v2\/posts\/12066","targetHints":{"allow":["GET"]}}],"collection":[{"href":"https:\/\/zonaroja.com.mx\/index.php?rest_route=\/wp\/v2\/posts"}],"about":[{"href":"https:\/\/zonaroja.com.mx\/index.php?rest_route=\/wp\/v2\/types\/post"}],"author":[{"embeddable":true,"href":"https:\/\/zonaroja.com.mx\/index.php?rest_route=\/wp\/v2\/users\/2"}],"replies":[{"embeddable":true,"href":"https:\/\/zonaroja.com.mx\/index.php?rest_route=%2Fwp%2Fv2%2Fcomments&post=12066"}],"version-history":[{"count":1,"href":"https:\/\/zonaroja.com.mx\/index.php?rest_route=\/wp\/v2\/posts\/12066\/revisions"}],"predecessor-version":[{"id":12069,"href":"https:\/\/zonaroja.com.mx\/index.php?rest_route=\/wp\/v2\/posts\/12066\/revisions\/12069"}],"wp:featuredmedia":[{"embeddable":true,"href":"https:\/\/zonaroja.com.mx\/index.php?rest_route=\/wp\/v2\/media\/12067"}],"wp:attachment":[{"href":"https:\/\/zonaroja.com.mx\/index.php?rest_route=%2Fwp%2Fv2%2Fmedia&parent=12066"}],"wp:term":[{"taxonomy":"category","embeddable":true,"href":"https:\/\/zonaroja.com.mx\/index.php?rest_route=%2Fwp%2Fv2%2Fcategories&post=12066"},{"taxonomy":"post_tag","embeddable":true,"href":"https:\/\/zonaroja.com.mx\/index.php?rest_route=%2Fwp%2Fv2%2Ftags&post=12066"}],"curies":[{"name":"wp","href":"https:\/\/api.w.org\/{rel}","templated":true}]}}