{"id":12073,"date":"2020-05-07T15:10:44","date_gmt":"2020-05-07T20:10:44","guid":{"rendered":"http:\/\/www.zonaroja.com.mx\/?p=12073"},"modified":"2020-05-07T15:10:47","modified_gmt":"2020-05-07T20:10:47","slug":"con-el-pueblo-todo-sin-el-pueblo-nada-dicen-legisladores-a-seccion-22","status":"publish","type":"post","link":"https:\/\/zonaroja.com.mx\/?p=12073","title":{"rendered":"\u201cCon el pueblo todo, sin el pueblo nada\u201d, dicen legisladores a Secci\u00f3n 22"},"content":{"rendered":"\n<p>Redacci\u00f3n\/Zona\nRoja.<\/p>\n\n\n\n<p>Oaxaca de\nJu\u00e1rez, Oax. 6 de mayo de 2020.- \u201c\u00a1Con el pueblo todo y sin el pueblo nada!\u201d.<\/p>\n\n\n\n<p>Ese fue el\nacuerdo de diputadas y diputados del grupo parlamentario del Partido Movimiento\nde Regeneraci\u00f3n Nacional (Morena) respecto a la construcci\u00f3n, en el Congreso\nlocal, de la nueva Ley de Educaci\u00f3n para el Estado de Oaxaca.<\/p>\n\n\n\n<p>Los\nlegisladores consideraron que con el fin de privilegiar el consenso y el\ndi\u00e1logo, contin\u00faan en la ruta de escuchar a todos los sectores que intervienen\nen el \u00e1mbito educativo.<\/p>\n\n\n\n<p>Como es\nel caso de la Secci\u00f3n 22 del SNTE, a fin de concretar un modelo educativo que\nhaga frente a las necesidades de la poblaci\u00f3n oaxaque\u00f1a. Estos trabajos se\nreanudar\u00e1n una vez que las autoridades sanitarias indiquen la continuaci\u00f3n de\nactividades, detall\u00f3 en un comunicado.<\/p>\n\n\n\n<p>En este\nsentido, el presidente de la Junta de Coordinaci\u00f3n Pol\u00edtica de la 64\nLegislatura y coordinador del grupo parlamentario de Morena, Horacio Sosa, manifest\u00f3\nque es momento de trabajar en conjunto y estar unidos con la Secci\u00f3n 22.<\/p>\n\n\n\n<p>\u201cQueremos\ndecirles que estamos cumpliendo con las medidas necesarias de protecci\u00f3n\ndurante esta contingencia sanitaria, por lo que vamos a esperar el llamado del\nsector salud, para que en la Comisi\u00f3n de Educaci\u00f3n contin\u00faen los trabajos de\nan\u00e1lisis de una nueva Ley de Educaci\u00f3n que redunde en beneficio del pueblo de\nOaxaca\u201d, puntualiz\u00f3.<\/p>\n\n\n\n<p>Por su\nparte, el diputado Pavel Mel\u00e9ndez Cruz, refiri\u00f3 que el grupo parlamentario de\nMorena, tiene que consensuar dicha ley con el magisterio oaxaque\u00f1o: <\/p>\n\n\n\n<p>\u201cNo puede\nhaber ninguna reforma, ni ninguna propuesta puede ser m\u00e1s importante que la\notra; si no se trabaja de manera conjunta con la sociedad, con los padres de\nfamilia y, por supuesto, con los maestros\u201d.<\/p>\n\n\n\n<p>\u201cQue\ntengan confianza de que no haremos nada a espaldas de la ciudadan\u00eda. Sabemos la\nimportancia que implica esta ley, que recoge los a\u00f1os de lucha del magisterio\noaxaque\u00f1o. Por lo tanto, ser\u00e1 as\u00ed como se decida la ruta de la creaci\u00f3n de este\ninstrumento legal\u201d, puntualiz\u00f3 de su lado la congresista In\u00e9s Leal Pel\u00e1ez.<\/p>\n\n\n\n<p>Finalmente,\nla presidente de la Comisi\u00f3n de Educaci\u00f3n, Ciencia y Tecnolog\u00eda del Congreso\nLocal, , Juana Aguilar Espinoza, dej\u00f3 en claro que la Ley debe ser construida\ncon el consenso de todas y todos los sectores involucrados.<\/p>\n","protected":false},"excerpt":{"rendered":"<p>Redacci\u00f3n\/Zona Roja. Oaxaca de Ju\u00e1rez, Oax. 6 de mayo de 2020.- \u201c\u00a1Con el pueblo todo&hellip;<\/p>\n","protected":false},"author":2,"featured_media":12074,"comment_status":"closed","ping_status":"open","sticky":false,"template":"","format":"standard","meta":{"_lmt_disableupdate":"","_lmt_disable":"","_jetpack_memberships_contains_paid_content":false,"footnotes":""},"categories":[109,46],"tags":[213,444],"class_list":["post-12073","post","type-post","status-publish","format-standard","has-post-thumbnail","hentry","category-minuto-a-minuto","category-zona-blanca","tag-64-legislatura-de-oaxaca","tag-horacio-sosa-villavicencio"],"jetpack_featured_media_url":"https:\/\/zonaroja.com.mx\/wp-content\/uploads\/2020\/05\/Grupo-Parlamentario-de-Morena.jpeg","jetpack_sharing_enabled":true,"_links":{"self":[{"href":"https:\/\/zonaroja.com.mx\/index.php?rest_route=\/wp\/v2\/posts\/12073","targetHints":{"allow":["GET"]}}],"collection":[{"href":"https:\/\/zonaroja.com.mx\/index.php?rest_route=\/wp\/v2\/posts"}],"about":[{"href":"https:\/\/zonaroja.com.mx\/index.php?rest_route=\/wp\/v2\/types\/post"}],"author":[{"embeddable":true,"href":"https:\/\/zonaroja.com.mx\/index.php?rest_route=\/wp\/v2\/users\/2"}],"replies":[{"embeddable":true,"href":"https:\/\/zonaroja.com.mx\/index.php?rest_route=%2Fwp%2Fv2%2Fcomments&post=12073"}],"version-history":[{"count":1,"href":"https:\/\/zonaroja.com.mx\/index.php?rest_route=\/wp\/v2\/posts\/12073\/revisions"}],"predecessor-version":[{"id":12075,"href":"https:\/\/zonaroja.com.mx\/index.php?rest_route=\/wp\/v2\/posts\/12073\/revisions\/12075"}],"wp:featuredmedia":[{"embeddable":true,"href":"https:\/\/zonaroja.com.mx\/index.php?rest_route=\/wp\/v2\/media\/12074"}],"wp:attachment":[{"href":"https:\/\/zonaroja.com.mx\/index.php?rest_route=%2Fwp%2Fv2%2Fmedia&parent=12073"}],"wp:term":[{"taxonomy":"category","embeddable":true,"href":"https:\/\/zonaroja.com.mx\/index.php?rest_route=%2Fwp%2Fv2%2Fcategories&post=12073"},{"taxonomy":"post_tag","embeddable":true,"href":"https:\/\/zonaroja.com.mx\/index.php?rest_route=%2Fwp%2Fv2%2Ftags&post=12073"}],"curies":[{"name":"wp","href":"https:\/\/api.w.org\/{rel}","templated":true}]}}