{"id":12080,"date":"2020-05-07T18:19:37","date_gmt":"2020-05-07T23:19:37","guid":{"rendered":"http:\/\/www.zonaroja.com.mx\/?p=12080"},"modified":"2020-05-07T18:25:34","modified_gmt":"2020-05-07T23:25:34","slug":"denuncian-abogados-inaccion-en-procuracion-de-justicia-de-oaxaca","status":"publish","type":"post","link":"https:\/\/zonaroja.com.mx\/?p=12080","title":{"rendered":"Denuncian abogados inacci\u00f3n en procuraci\u00f3n de justicia de Oaxaca"},"content":{"rendered":"\n<p>Yuridiana\nSosa\/Zona Roja.<\/p>\n\n\n\n<p>Oaxaca de\nJu\u00e1rez, Oax., 7 de mayo de 2020.- El Ilustre Colegio Mexicano de Abogados del\nJuicio Oral, Cap\u00edtulo Oaxaca, denunci\u00f3 la par\u00e1lisis en el sistema de\nprocuraci\u00f3n de justicia y que los esquemas en l\u00ednea que ponen en servicio, no\nsirven.<\/p>\n\n\n\n<p>As\u00ed\nmismo, su representante El\u00edas Mart\u00ednez P\u00e9rez exigi\u00f3 al sistema de justicia\npenal de la entidad mantener actividades en los juzgados para garantizar los\nderechos de la poblaci\u00f3n, los cuales no deben ser afectados por la pandemia de\nCovid-19.<\/p>\n\n\n\n<p>A m\u00e1s de\nun mes de suspendidas las actividades en los juzgados por la contingencia\nsanitaria, el Ilustre Colegio de Abogados se pronunci\u00f3 contra la par\u00e1lisis en\nel sistema, en el cual s\u00f3lo se atienden \u201ccasos urgentes\u201d.<\/p>\n\n\n\n<p>\u201cEn\nmateria de impartici\u00f3n de justicia no puede hablarse de casos urgente y casos\nno urgentes, se trata de procuraci\u00f3n e impartici\u00f3n de justicia\u201d, expres\u00f3 el\npresidente del Colegio, quien agreg\u00f3 que,\u201c la pandemia no puede detener los\nderechos ni las garant\u00edas de la poblaci\u00f3n\u201d .<\/p>\n\n\n\n<p>Se manifest\u00f3\nen contra del sistema en l\u00ednea para denuncia que recientemente implementaron la\nFiscal\u00eda General de Oaxaca y Tribunal Superior de Justicia de Oaxaca, como\nmedida emergente ante la contingencia, pues dijo que eso no garantiza el\nfuncionamiento del sistema de justicia, as\u00ed como puede presentar fallas.<\/p>\n\n\n\n<p>Mart\u00ednez\nP\u00e9rez tambi\u00e9n reprob\u00f3 la par\u00e1lisis de la Fiscal\u00eda General en la persecuci\u00f3n de\ndelitos en medio de la contingencia por Covi-19. <\/p>\n\n\n\n<p>Por otra\nparte, el Ilustre Colegio de Abogados expres\u00f3 su respaldo al sector comercial\npara reestablecer las actividades econ\u00f3micas.<\/p>\n\n\n\n<p>Mencion\u00f3\nque las medidas que el gobierno en Oaxaca tom\u00f3 son inaplicables e\ninconstitucionales, por lo que consider\u00f3 que el sector comercial de las micro y\npeque\u00f1as empresas podr\u00edan comenzar actividades con las medidas de protecci\u00f3n y\nseguridad sanitaria entre proveedores, clientes y trabajadores de los\nestablecimientos.<\/p>\n","protected":false},"excerpt":{"rendered":"<p>Yuridiana Sosa\/Zona Roja. Oaxaca de Ju\u00e1rez, Oax., 7 de mayo de 2020.- El Ilustre Colegio&hellip;<\/p>\n","protected":false},"author":2,"featured_media":12081,"comment_status":"closed","ping_status":"open","sticky":false,"template":"","format":"standard","meta":{"_lmt_disableupdate":"","_lmt_disable":"","_jetpack_memberships_contains_paid_content":false,"footnotes":""},"categories":[109,47],"tags":[1662],"class_list":["post-12080","post","type-post","status-publish","format-standard","has-post-thumbnail","hentry","category-minuto-a-minuto","category-zona-gris","tag-ilustre-colegio-mexicano-de-abogados-del-juicio-oral"],"jetpack_featured_media_url":"https:\/\/zonaroja.com.mx\/wp-content\/uploads\/2020\/05\/eace59b9-ebc6-4e17-94b5-7037552d7127-1.jpg","jetpack_sharing_enabled":true,"_links":{"self":[{"href":"https:\/\/zonaroja.com.mx\/index.php?rest_route=\/wp\/v2\/posts\/12080","targetHints":{"allow":["GET"]}}],"collection":[{"href":"https:\/\/zonaroja.com.mx\/index.php?rest_route=\/wp\/v2\/posts"}],"about":[{"href":"https:\/\/zonaroja.com.mx\/index.php?rest_route=\/wp\/v2\/types\/post"}],"author":[{"embeddable":true,"href":"https:\/\/zonaroja.com.mx\/index.php?rest_route=\/wp\/v2\/users\/2"}],"replies":[{"embeddable":true,"href":"https:\/\/zonaroja.com.mx\/index.php?rest_route=%2Fwp%2Fv2%2Fcomments&post=12080"}],"version-history":[{"count":1,"href":"https:\/\/zonaroja.com.mx\/index.php?rest_route=\/wp\/v2\/posts\/12080\/revisions"}],"predecessor-version":[{"id":12082,"href":"https:\/\/zonaroja.com.mx\/index.php?rest_route=\/wp\/v2\/posts\/12080\/revisions\/12082"}],"wp:featuredmedia":[{"embeddable":true,"href":"https:\/\/zonaroja.com.mx\/index.php?rest_route=\/wp\/v2\/media\/12081"}],"wp:attachment":[{"href":"https:\/\/zonaroja.com.mx\/index.php?rest_route=%2Fwp%2Fv2%2Fmedia&parent=12080"}],"wp:term":[{"taxonomy":"category","embeddable":true,"href":"https:\/\/zonaroja.com.mx\/index.php?rest_route=%2Fwp%2Fv2%2Fcategories&post=12080"},{"taxonomy":"post_tag","embeddable":true,"href":"https:\/\/zonaroja.com.mx\/index.php?rest_route=%2Fwp%2Fv2%2Ftags&post=12080"}],"curies":[{"name":"wp","href":"https:\/\/api.w.org\/{rel}","templated":true}]}}