{"id":12083,"date":"2020-05-07T20:16:31","date_gmt":"2020-05-08T01:16:31","guid":{"rendered":"http:\/\/www.zonaroja.com.mx\/?p=12083"},"modified":"2020-05-07T20:16:35","modified_gmt":"2020-05-08T01:16:35","slug":"otra-joven-desaparece-en-tuxtepec-salio-ayer-de-su-domicilio","status":"publish","type":"post","link":"https:\/\/zonaroja.com.mx\/?p=12083","title":{"rendered":"Otra joven desaparece en Tuxtepec; sali\u00f3 ayer de su domicilio"},"content":{"rendered":"\n<p>Yuridiana\nSosa\/Zona Roja.<\/p>\n\n\n\n<p>San Juan\nBautista Tuxtepec, Oax., 7 de mayo de 2020.- Otra joven mujer desapareci\u00f3 en\nSan Juan Bautista Tuxtepec, donde hace m\u00e1s de tres semanas otra estudiante fue\nreportada ante la Fiscal\u00eda General de Oaxaca como no localizada, sin ofrecerse\nhasta la fecha avances.<\/p>\n\n\n\n<p>El nuevo\ncaso se trata de Casandra Ram\u00edrez Salom\u00f3n, de 23 a\u00f1os de edad, quien de acuerdo\ncon informaci\u00f3n de familiares y amigos, fue vista por \u00faltima vez en la ma\u00f1ana\nde este mi\u00e9rcoles en el acceso al fraccionamiento Residencial del Sur, al norte\nde la ciudad.<\/p>\n\n\n\n<p>Pero en\nla ficha de b\u00fasqueda de la Unidad de B\u00fasqueda de Personas No Localizadas y\nDesaparecidas de la Fiscal\u00eda, emitida la tarde de este jueves, se destac\u00f3 otro\ndomicilio donde se le vio antes de perder comunicaci\u00f3n con ella; mencion\u00f3 la\ncolonia San Antonio, a m\u00e1s de dos kil\u00f3metros de distancia.<\/p>\n\n\n\n<p>A trav\u00e9s\nde la b\u00fasqueda que la familia comenz\u00f3 en redes sociales, dieron a conocer que\nla joven asistir\u00eda a una entrevista de trabajo, por lo que se dirig\u00eda en direcci\u00f3n\ndel asentamiento Residencial del Sur.<\/p>\n\n\n\n<p>Al\nmomento de su desaparici\u00f3n vest\u00eda una blusa color rojo sin mangas, mall\u00f3n negro\ny tenis negros.<\/p>\n\n\n\n<p>En abril,\nItzel Gonzales de 22 a\u00f1os, una joven estudiante de Enfermer\u00eda de la Universidad\ndel Papaloapan desapareci\u00f3, desde ese entonces su familia la busca\nincansablemente, mientras que la Fiscal\u00eda de Oaxaca no les ofrece informaci\u00f3n\nfavorable sobre el caso.<\/p>\n","protected":false},"excerpt":{"rendered":"<p>Yuridiana Sosa\/Zona Roja. San Juan Bautista Tuxtepec, Oax., 7 de mayo de 2020.- Otra joven&hellip;<\/p>\n","protected":false},"author":2,"featured_media":12084,"comment_status":"closed","ping_status":"open","sticky":false,"template":"","format":"standard","meta":{"_lmt_disableupdate":"","_lmt_disable":"","_jetpack_memberships_contains_paid_content":false,"footnotes":""},"categories":[109,47],"tags":[1663],"class_list":["post-12083","post","type-post","status-publish","format-standard","has-post-thumbnail","hentry","category-minuto-a-minuto","category-zona-gris","tag-casandra-ramirez-salomon"],"jetpack_featured_media_url":"https:\/\/zonaroja.com.mx\/wp-content\/uploads\/2020\/05\/PHOTO-2020-05-07-20-08-39.jpg","jetpack_sharing_enabled":true,"_links":{"self":[{"href":"https:\/\/zonaroja.com.mx\/index.php?rest_route=\/wp\/v2\/posts\/12083","targetHints":{"allow":["GET"]}}],"collection":[{"href":"https:\/\/zonaroja.com.mx\/index.php?rest_route=\/wp\/v2\/posts"}],"about":[{"href":"https:\/\/zonaroja.com.mx\/index.php?rest_route=\/wp\/v2\/types\/post"}],"author":[{"embeddable":true,"href":"https:\/\/zonaroja.com.mx\/index.php?rest_route=\/wp\/v2\/users\/2"}],"replies":[{"embeddable":true,"href":"https:\/\/zonaroja.com.mx\/index.php?rest_route=%2Fwp%2Fv2%2Fcomments&post=12083"}],"version-history":[{"count":1,"href":"https:\/\/zonaroja.com.mx\/index.php?rest_route=\/wp\/v2\/posts\/12083\/revisions"}],"predecessor-version":[{"id":12085,"href":"https:\/\/zonaroja.com.mx\/index.php?rest_route=\/wp\/v2\/posts\/12083\/revisions\/12085"}],"wp:featuredmedia":[{"embeddable":true,"href":"https:\/\/zonaroja.com.mx\/index.php?rest_route=\/wp\/v2\/media\/12084"}],"wp:attachment":[{"href":"https:\/\/zonaroja.com.mx\/index.php?rest_route=%2Fwp%2Fv2%2Fmedia&parent=12083"}],"wp:term":[{"taxonomy":"category","embeddable":true,"href":"https:\/\/zonaroja.com.mx\/index.php?rest_route=%2Fwp%2Fv2%2Fcategories&post=12083"},{"taxonomy":"post_tag","embeddable":true,"href":"https:\/\/zonaroja.com.mx\/index.php?rest_route=%2Fwp%2Fv2%2Ftags&post=12083"}],"curies":[{"name":"wp","href":"https:\/\/api.w.org\/{rel}","templated":true}]}}