{"id":12086,"date":"2020-05-07T21:00:34","date_gmt":"2020-05-08T02:00:34","guid":{"rendered":"http:\/\/www.zonaroja.com.mx\/?p=12086"},"modified":"2020-05-07T21:00:38","modified_gmt":"2020-05-08T02:00:38","slug":"descartan-caso-positivo-de-covid-19-en-cacalotepec-mixe","status":"publish","type":"post","link":"https:\/\/zonaroja.com.mx\/?p=12086","title":{"rendered":"Descartan caso positivo de Covid-19 en Cacalotepec Mixe"},"content":{"rendered":"\n<p>Yuridiana\nSosa\/Zona Roja.<\/p>\n\n\n\n<p>Oaxaca de\nJu\u00e1rez, Oax., 7 de mayo de 2020.- El caso reciente de Covid-19, adjudicado para\nel municipio de Asunci\u00f3n Cacalotepec Mixe, se trata de un habitante radicado en\nla Ciudad de M\u00e9xico, por lo que la comunidad ind\u00edgena qued\u00f3 libre de casos.<\/p>\n\n\n\n<p>Las\nautoridades confirmaron que el caso se descart\u00f3 para esta poblaci\u00f3n de la\nSierra Norte, luego que este mi\u00e9rcoles se diera a conocer el primer caso para\nese municipio.<\/p>\n\n\n\n<p>En un\ncomunicado, el ayuntamiento de Cacalotepec indic\u00f3 que para aclarar el tema, la\nautoridad se reuni\u00f3 con el delegado del Instituto Mexicano del Seguro Social,\nen Oaxaca, Jos\u00e9 Ordaz Fern\u00e1ndez, y v\u00eda telef\u00f3nica se comunic\u00f3 con el titular de\nlos Servicios de Salud de Oaxaca, Donato Casas Escamilla, pues la situaci\u00f3n no\ncorrespond\u00eda a lo que ocurr\u00eda en su poblaci\u00f3n.<\/p>\n\n\n\n<p>En la\nreuni\u00f3n, en la que tambi\u00e9n participaron autoridades del Instituto Nacional de\nlos Pueblos Ind\u00edgenas (INPI), se realiz\u00f3 la aclaraci\u00f3n y las autoridades estatales\nse comprometieron a realizar la precisi\u00f3n a trav\u00e9s de la Jurisdicci\u00f3n Sanitaria\nde la Sierra, para evitar escenarios de p\u00e1nico entra la zona Mixe.<\/p>\n\n\n\n<p>En otras\nocasiones, en otras regiones del estado, los Servicios de Salud de Oaxaca (SSO)\ntambi\u00e9n han errado en contabilizar casos para municipios oaxaque\u00f1os aunque los\npacientes, originarios de la entidad, radiquen en otro lugar, principalmente en\nla Ciudad de M\u00e9xico.<\/p>\n","protected":false},"excerpt":{"rendered":"<p>Yuridiana Sosa\/Zona Roja. Oaxaca de Ju\u00e1rez, Oax., 7 de mayo de 2020.- El caso reciente&hellip;<\/p>\n","protected":false},"author":2,"featured_media":12087,"comment_status":"closed","ping_status":"open","sticky":false,"template":"","format":"standard","meta":{"_lmt_disableupdate":"","_lmt_disable":"","_jetpack_memberships_contains_paid_content":false,"footnotes":""},"categories":[109,47],"tags":[1512],"class_list":["post-12086","post","type-post","status-publish","format-standard","has-post-thumbnail","hentry","category-minuto-a-minuto","category-zona-gris","tag-coronavirus-oaxaca"],"jetpack_featured_media_url":"https:\/\/zonaroja.com.mx\/wp-content\/uploads\/2020\/05\/Asunci\u00f3n-Cacalotepec.jpg","jetpack_sharing_enabled":true,"_links":{"self":[{"href":"https:\/\/zonaroja.com.mx\/index.php?rest_route=\/wp\/v2\/posts\/12086","targetHints":{"allow":["GET"]}}],"collection":[{"href":"https:\/\/zonaroja.com.mx\/index.php?rest_route=\/wp\/v2\/posts"}],"about":[{"href":"https:\/\/zonaroja.com.mx\/index.php?rest_route=\/wp\/v2\/types\/post"}],"author":[{"embeddable":true,"href":"https:\/\/zonaroja.com.mx\/index.php?rest_route=\/wp\/v2\/users\/2"}],"replies":[{"embeddable":true,"href":"https:\/\/zonaroja.com.mx\/index.php?rest_route=%2Fwp%2Fv2%2Fcomments&post=12086"}],"version-history":[{"count":1,"href":"https:\/\/zonaroja.com.mx\/index.php?rest_route=\/wp\/v2\/posts\/12086\/revisions"}],"predecessor-version":[{"id":12088,"href":"https:\/\/zonaroja.com.mx\/index.php?rest_route=\/wp\/v2\/posts\/12086\/revisions\/12088"}],"wp:featuredmedia":[{"embeddable":true,"href":"https:\/\/zonaroja.com.mx\/index.php?rest_route=\/wp\/v2\/media\/12087"}],"wp:attachment":[{"href":"https:\/\/zonaroja.com.mx\/index.php?rest_route=%2Fwp%2Fv2%2Fmedia&parent=12086"}],"wp:term":[{"taxonomy":"category","embeddable":true,"href":"https:\/\/zonaroja.com.mx\/index.php?rest_route=%2Fwp%2Fv2%2Fcategories&post=12086"},{"taxonomy":"post_tag","embeddable":true,"href":"https:\/\/zonaroja.com.mx\/index.php?rest_route=%2Fwp%2Fv2%2Ftags&post=12086"}],"curies":[{"name":"wp","href":"https:\/\/api.w.org\/{rel}","templated":true}]}}