{"id":12097,"date":"2020-05-08T07:00:48","date_gmt":"2020-05-08T12:00:48","guid":{"rendered":"http:\/\/www.zonaroja.com.mx\/?p=12097"},"modified":"2020-05-07T21:59:46","modified_gmt":"2020-05-08T02:59:46","slug":"aumentan-contenidos-educativos-por-cortv-en-coordinacion-con-ieepo","status":"publish","type":"post","link":"https:\/\/zonaroja.com.mx\/?p=12097","title":{"rendered":"Aumentan contenidos educativos por Cortv, en coordinaci\u00f3n con IEEPO"},"content":{"rendered":"\n<p>Redacci\u00f3n\/Zona\nRoja.<\/p>\n\n\n\n<p>Oaxaca de\nJu\u00e1rez, Oax. 8 de mayo de 2020.- Con una programaci\u00f3n de contenidos educativos,\nde la estrategia \u201cAprende en Casa\u201d y una serie de producciones para ni\u00f1as,\nni\u00f1os y adolescentes, el Instituto Estatal de Educaci\u00f3n P\u00fablica de Oaxaca\n(IEEPO) y la Corporaci\u00f3n Oaxaque\u00f1a de Radio y Televisi\u00f3n (Cortv) habilitaron el\nnuevo canal 9.2 de televisi\u00f3n abierta, que representa una herramienta m\u00e1s para\nfortalecer los aprendizajes esenciales.<\/p>\n\n\n\n<p>Adem\u00e1s,\nse fortalece la estrategia \u201cAprende en casa\u201d, herramienta de apoyo a los\ncontenidos de los Libros de Texto Gratuitos y creada para que ni\u00f1as y ni\u00f1os de\neducaci\u00f3n preescolar y primaria, as\u00ed como j\u00f3venes de secundaria, refuercen sus\nconocimientos durante el periodo de aislamiento social; con apego a los planes\ny programas de estudio vigentes.<\/p>\n\n\n\n<p>De esta\nmanera, Oaxaca cuenta con un canal adicional de televisi\u00f3n abierta, como una\nalternativa educativa m\u00e1s, quedando la programaci\u00f3n de la siguiente forma: en\nel canal 9.1 se difundir\u00e1n los contenidos de secundaria y bachillerato;\nmientras que en el 9.2 estar\u00e1n los de preescolar y primaria, adem\u00e1s de integrar\nla programaci\u00f3n del canal Once Ni\u00f1as y Ni\u00f1os, las 24 horas del d\u00eda.<\/p>\n\n\n\n<p>Lo\nanterior, es resultado de la firma del convenio de colaboraci\u00f3n entre los\ndirectores del Instituto Estatal de Educaci\u00f3n P\u00fablica de Oaxaca (IEEPO),\nFrancisco \u00c1ngel Villarreal y de la Corporaci\u00f3n Oaxaque\u00f1a de Radio y Televisi\u00f3n\n(Cortv), Mart\u00edn V\u00e1squez Villanueva, en el marco de las acciones en el rubro\neducativo que impulsa el gobernador Alejandro Murat Hinojosa y con los\nbeneficios de la multiprogramaci\u00f3n, que permite a las televisoras tener m\u00e1s\nse\u00f1ales y generar m\u00e1s oferta de contenido.<\/p>\n\n\n\n<p>El director\nGeneral del IEEPO resalt\u00f3 que el convenio deriva de las sinergias establecidas\nentre la Secretar\u00eda de Educaci\u00f3n P\u00fablica (SEP), la Cortv y el Instituto a su\ncargo, adem\u00e1s de la disposici\u00f3n del Instituto Federal de Telecomunicaciones\n(IFT) que aprob\u00f3 permisos provisionales para abrir canales multiprogramados que\ntransmitan todos los contenidos educativos de la SEP hasta la reanudaci\u00f3n de\nlas actividades escolares en todo el pa\u00eds de forma presencial.<\/p>\n\n\n\n<p>Reconoci\u00f3\nque hoy m\u00e1s que nunca es evidente que el magisterio es imprescindible. \u201cSin su\nlabor en las clases presenciales, la educaci\u00f3n no tendr\u00eda el \u00e9xito que se\nrequiere\u201d, dijo al tiempo de reconocer la labor que realizan las y los docentes\napoyando, a distancia, a sus alumnos.<\/p>\n","protected":false},"excerpt":{"rendered":"<p>Redacci\u00f3n\/Zona Roja. Oaxaca de Ju\u00e1rez, Oax. 8 de mayo de 2020.- Con una programaci\u00f3n de&hellip;<\/p>\n","protected":false},"author":2,"featured_media":12098,"comment_status":"closed","ping_status":"open","sticky":false,"template":"","format":"standard","meta":{"_lmt_disableupdate":"","_lmt_disable":"","_jetpack_memberships_contains_paid_content":false,"footnotes":""},"categories":[109,46],"tags":[599],"class_list":["post-12097","post","type-post","status-publish","format-standard","has-post-thumbnail","hentry","category-minuto-a-minuto","category-zona-blanca","tag-instituto-estatal-de-educacion-publica-de-oaxaca"],"jetpack_featured_media_url":"https:\/\/zonaroja.com.mx\/wp-content\/uploads\/2020\/05\/IEEPO-CORTV.jpg","jetpack_sharing_enabled":true,"_links":{"self":[{"href":"https:\/\/zonaroja.com.mx\/index.php?rest_route=\/wp\/v2\/posts\/12097","targetHints":{"allow":["GET"]}}],"collection":[{"href":"https:\/\/zonaroja.com.mx\/index.php?rest_route=\/wp\/v2\/posts"}],"about":[{"href":"https:\/\/zonaroja.com.mx\/index.php?rest_route=\/wp\/v2\/types\/post"}],"author":[{"embeddable":true,"href":"https:\/\/zonaroja.com.mx\/index.php?rest_route=\/wp\/v2\/users\/2"}],"replies":[{"embeddable":true,"href":"https:\/\/zonaroja.com.mx\/index.php?rest_route=%2Fwp%2Fv2%2Fcomments&post=12097"}],"version-history":[{"count":1,"href":"https:\/\/zonaroja.com.mx\/index.php?rest_route=\/wp\/v2\/posts\/12097\/revisions"}],"predecessor-version":[{"id":12099,"href":"https:\/\/zonaroja.com.mx\/index.php?rest_route=\/wp\/v2\/posts\/12097\/revisions\/12099"}],"wp:featuredmedia":[{"embeddable":true,"href":"https:\/\/zonaroja.com.mx\/index.php?rest_route=\/wp\/v2\/media\/12098"}],"wp:attachment":[{"href":"https:\/\/zonaroja.com.mx\/index.php?rest_route=%2Fwp%2Fv2%2Fmedia&parent=12097"}],"wp:term":[{"taxonomy":"category","embeddable":true,"href":"https:\/\/zonaroja.com.mx\/index.php?rest_route=%2Fwp%2Fv2%2Fcategories&post=12097"},{"taxonomy":"post_tag","embeddable":true,"href":"https:\/\/zonaroja.com.mx\/index.php?rest_route=%2Fwp%2Fv2%2Ftags&post=12097"}],"curies":[{"name":"wp","href":"https:\/\/api.w.org\/{rel}","templated":true}]}}