{"id":12100,"date":"2020-05-08T09:00:37","date_gmt":"2020-05-08T14:00:37","guid":{"rendered":"http:\/\/www.zonaroja.com.mx\/?p=12100"},"modified":"2020-05-07T22:12:27","modified_gmt":"2020-05-08T03:12:27","slug":"sigue-a-la-baja-alejandro-murat-en-ranking-de-gobernadores","status":"publish","type":"post","link":"https:\/\/zonaroja.com.mx\/?p=12100","title":{"rendered":"Sigue a la baja Alejandro Murat en ranking de gobernadores"},"content":{"rendered":"\n<p>Yuridiana\nSosa\/Zona Roja.<\/p>\n\n\n\n<p>Oaxaca de\nJu\u00e1rez, Oax., 8 de mayo de 2020.- El gobernador de Oaxaca, Alejandro Murat\nHinojosa, se encuentra entre los mandatarios estatales de categor\u00eda media de\naprobaci\u00f3n en el ranking de consulta Mitofsky, al ocupar el lugar 25 de la\nlista correspondiente a abril, esto por debajo de lo calificado el mes pasado.<\/p>\n\n\n\n<p>El\nmandatario ocupa cada mes m\u00e1s posiciones m\u00e1s cercanas al final de la lista y no\nha logrado despegar de entre los \u00faltimos 13 lugares desde octubre de 2019,\ncuando obtuvo la casilla n\u00famero 20, la m\u00e1s alta en el transcurso de siete\nmeses.<\/p>\n\n\n\n<p>La\nempresa l\u00edder en investigaci\u00f3n de la opini\u00f3n p\u00fablica detall\u00f3 que Alejandro\nMurat se encuentra en el lugar 25 por la aprobaci\u00f3n de s\u00f3lo el 32.1 por ciento\nde la poblaci\u00f3n oaxaque\u00f1a \u2013consultada- y el rechazo del 65.8 por ciento.<\/p>\n\n\n\n<p>En la\nconsulta correspondiente al mes de abril, el promedio nacional de aprobaci\u00f3n es\ndel 40 por ciento, mientras que durante el mes de marzo fue de 35.8 por ciento,\nlo que coloc\u00f3 a Murat Hinojosa en la categor\u00eda media que abarca un porcentaje\nentre los 30 y 39.30 por ciento de conformidad.<\/p>\n\n\n\n<p>En marzo\nel gobernador de Oaxaca se mantuvo en la posici\u00f3n 24 en la lista de 32\nmandatarios; en febrero en el 23 y en enero calific\u00f3 para el sitio 24, con el\n29.9 por ciento.<\/p>\n\n\n\n<p>Durante\nel a\u00f1o 2019, Murat Hinojosa ocup\u00f3 en diciembre la posici\u00f3n n\u00famero 23; en\nnoviembre el lugar 21 y en octubre el sitio 20 con 29.3 por ciento de\naprobaci\u00f3n.<\/p>\n\n\n\n<p>INSISTE\nEN SANCIONES<\/p>\n\n\n\n<p>Por otra\nparte, en un video que difundi\u00f3 ayer en redes sociales, el gobernador de Oaxaca\ninsisti\u00f3 en aplicar sanciones a quienes violen el decreto de confinamiento con\nmotivo de la pandemia de coronavirus.<\/p>\n\n\n\n<p>Ello a\npesar de que un juez federal otorg\u00f3 un amparo a un organismo civil, C\u00f3digo-DH,\npara que no se aplique dicha medida en la entidad.<\/p>\n\n\n\n<p>\u201cLes\nrepito lo m\u00e1s fuerte de esta pandemia est\u00e1 por llegar, por eso el uso de cubrebocas\nes obligatorio en cualquier espacio p\u00fablico y se sancionar\u00e1 a quien no lo use,\nporque no es justo que mientras algunos est\u00e9n dando todo de su parte,\nsacrificando sus ingresos, otros sigan pase\u00e1ndose con la idea de que el virus\nno existe o de que a ellos no les va a tocar\u201d, dijo.<\/p>\n","protected":false},"excerpt":{"rendered":"<p>Yuridiana Sosa\/Zona Roja. Oaxaca de Ju\u00e1rez, Oax., 8 de mayo de 2020.- El gobernador de&hellip;<\/p>\n","protected":false},"author":2,"featured_media":2623,"comment_status":"closed","ping_status":"open","sticky":false,"template":"","format":"standard","meta":{"_lmt_disableupdate":"","_lmt_disable":"","_jetpack_memberships_contains_paid_content":false,"footnotes":""},"categories":[109,47],"tags":[173],"class_list":["post-12100","post","type-post","status-publish","format-standard","has-post-thumbnail","hentry","category-minuto-a-minuto","category-zona-gris","tag-alejandro-murat-hinojosa"],"jetpack_featured_media_url":"https:\/\/zonaroja.com.mx\/wp-content\/uploads\/2019\/07\/Alejandro-Murat.jpg","jetpack_sharing_enabled":true,"_links":{"self":[{"href":"https:\/\/zonaroja.com.mx\/index.php?rest_route=\/wp\/v2\/posts\/12100","targetHints":{"allow":["GET"]}}],"collection":[{"href":"https:\/\/zonaroja.com.mx\/index.php?rest_route=\/wp\/v2\/posts"}],"about":[{"href":"https:\/\/zonaroja.com.mx\/index.php?rest_route=\/wp\/v2\/types\/post"}],"author":[{"embeddable":true,"href":"https:\/\/zonaroja.com.mx\/index.php?rest_route=\/wp\/v2\/users\/2"}],"replies":[{"embeddable":true,"href":"https:\/\/zonaroja.com.mx\/index.php?rest_route=%2Fwp%2Fv2%2Fcomments&post=12100"}],"version-history":[{"count":1,"href":"https:\/\/zonaroja.com.mx\/index.php?rest_route=\/wp\/v2\/posts\/12100\/revisions"}],"predecessor-version":[{"id":12101,"href":"https:\/\/zonaroja.com.mx\/index.php?rest_route=\/wp\/v2\/posts\/12100\/revisions\/12101"}],"wp:featuredmedia":[{"embeddable":true,"href":"https:\/\/zonaroja.com.mx\/index.php?rest_route=\/wp\/v2\/media\/2623"}],"wp:attachment":[{"href":"https:\/\/zonaroja.com.mx\/index.php?rest_route=%2Fwp%2Fv2%2Fmedia&parent=12100"}],"wp:term":[{"taxonomy":"category","embeddable":true,"href":"https:\/\/zonaroja.com.mx\/index.php?rest_route=%2Fwp%2Fv2%2Fcategories&post=12100"},{"taxonomy":"post_tag","embeddable":true,"href":"https:\/\/zonaroja.com.mx\/index.php?rest_route=%2Fwp%2Fv2%2Ftags&post=12100"}],"curies":[{"name":"wp","href":"https:\/\/api.w.org\/{rel}","templated":true}]}}