{"id":12106,"date":"2020-05-08T10:49:14","date_gmt":"2020-05-08T15:49:14","guid":{"rendered":"https:\/\/www.zonaroja.com.mx\/?p=12106"},"modified":"2020-05-08T10:49:15","modified_gmt":"2020-05-08T15:49:15","slug":"ediles-de-la-costa-exigen-medicos-para-hospital-en-pochutla","status":"publish","type":"post","link":"https:\/\/zonaroja.com.mx\/?p=12106","title":{"rendered":"Ediles de la Costa exigen m\u00e9dicos para hospital en Pochutla"},"content":{"rendered":"\n<p>Yuridiana Sosa\/Zona Roja. <\/p>\n\n\n\n<p>Oaxaca de Ju\u00e1rez, Oax., 8 de mayo de 2020.- Presidentes municipales del distrito de Pochutla, en la regi\u00f3n Costa de Oaxaca, exigieron al gobernador Alejandro Murat, la contrataci\u00f3n de m\u00e9dicos especialistas para garantizar a su poblaci\u00f3n atenci\u00f3n m\u00e9dica en medio de la pandemia por Covid-19.<\/p>\n\n\n\n<p>Los ediles de siete municipios demandaron a los Servicios de Salud de Oaxaca (SSO) dos m\u00e9dicos internistas, cuatro en medicina general, cinco en \u00e1rea de enfermer\u00eda y un ginec\u00f3logo para el Hospital Regional de Pochutla, designado como un nosocomio Covid-19.<\/p>\n\n\n\n<p>Para enfrentar la pandemia en esa zona del estado, las autoridades municipales son quienes han surtido al nosocomio de insumos, as\u00ed como en unidades de salud de los distintos municipios, expusieron los presidentes de Santa Cruz Huatulco, San Pedro Pochutla, Pluma Hidalgo, Candelaria Loxicha, Santa Mar\u00eda Tonameca, Santo Domingo de Morelos y San Miguel del Puerto.<\/p>\n\n\n\n<p>Los ediles demandaron la disposici\u00f3n del personal m\u00e9dico de forma inmediata para enfrentar la pandemia y no empeorar la crisis sanitaria sin dejar de atender otras necesidades fundamentales para la poblaci\u00f3n.<\/p>\n\n\n\n<p>En la regi\u00f3n de la Costa se han confirmado 15 casos de coronavirus, dos muertos y cinco casos m\u00e1s como sospechosos, indic\u00f3 el reporte del corte t\u00e9cnico diario de los Servicios de Salud de Oaxaca (SSO). <\/p>\n","protected":false},"excerpt":{"rendered":"<p>Yuridiana Sosa\/Zona Roja. Oaxaca de Ju\u00e1rez, Oax., 8 de mayo de 2020.- Presidentes municipales del&hellip;<\/p>\n","protected":false},"author":2,"featured_media":12105,"comment_status":"closed","ping_status":"open","sticky":false,"template":"","format":"standard","meta":{"_lmt_disableupdate":"","_lmt_disable":"","_jetpack_memberships_contains_paid_content":false,"footnotes":""},"categories":[109,47],"tags":[1497],"class_list":["post-12106","post","type-post","status-publish","format-standard","has-post-thumbnail","hentry","category-minuto-a-minuto","category-zona-gris","tag-coronavirus-en-oaxaca"],"jetpack_featured_media_url":"https:\/\/zonaroja.com.mx\/wp-content\/uploads\/2020\/05\/d4e2854b-81e4-4ffa-ad16-02d88d860e21.jpg","jetpack_sharing_enabled":true,"_links":{"self":[{"href":"https:\/\/zonaroja.com.mx\/index.php?rest_route=\/wp\/v2\/posts\/12106","targetHints":{"allow":["GET"]}}],"collection":[{"href":"https:\/\/zonaroja.com.mx\/index.php?rest_route=\/wp\/v2\/posts"}],"about":[{"href":"https:\/\/zonaroja.com.mx\/index.php?rest_route=\/wp\/v2\/types\/post"}],"author":[{"embeddable":true,"href":"https:\/\/zonaroja.com.mx\/index.php?rest_route=\/wp\/v2\/users\/2"}],"replies":[{"embeddable":true,"href":"https:\/\/zonaroja.com.mx\/index.php?rest_route=%2Fwp%2Fv2%2Fcomments&post=12106"}],"version-history":[{"count":1,"href":"https:\/\/zonaroja.com.mx\/index.php?rest_route=\/wp\/v2\/posts\/12106\/revisions"}],"predecessor-version":[{"id":12107,"href":"https:\/\/zonaroja.com.mx\/index.php?rest_route=\/wp\/v2\/posts\/12106\/revisions\/12107"}],"wp:featuredmedia":[{"embeddable":true,"href":"https:\/\/zonaroja.com.mx\/index.php?rest_route=\/wp\/v2\/media\/12105"}],"wp:attachment":[{"href":"https:\/\/zonaroja.com.mx\/index.php?rest_route=%2Fwp%2Fv2%2Fmedia&parent=12106"}],"wp:term":[{"taxonomy":"category","embeddable":true,"href":"https:\/\/zonaroja.com.mx\/index.php?rest_route=%2Fwp%2Fv2%2Fcategories&post=12106"},{"taxonomy":"post_tag","embeddable":true,"href":"https:\/\/zonaroja.com.mx\/index.php?rest_route=%2Fwp%2Fv2%2Ftags&post=12106"}],"curies":[{"name":"wp","href":"https:\/\/api.w.org\/{rel}","templated":true}]}}