{"id":12110,"date":"2020-05-08T14:17:03","date_gmt":"2020-05-08T19:17:03","guid":{"rendered":"http:\/\/www.zonaroja.com.mx\/?p=12110"},"modified":"2020-05-08T14:22:20","modified_gmt":"2020-05-08T19:22:20","slug":"tras-24-horas-levantan-bloqueo-en-carretera-a-la-costa","status":"publish","type":"post","link":"https:\/\/zonaroja.com.mx\/?p=12110","title":{"rendered":"Tras 24 horas, levantan bloqueo en carretera a la Costa"},"content":{"rendered":"\n<p>Yuridiana\nSosa\/Zona Roja.<\/p>\n\n\n\n<p>Oaxaca de\nJu\u00e1rez, Oax., 8 de mayo de 2020.- Ante la promesa de una mesa de dialogo con\nautoridades federales, pobladores de San Jos\u00e9 Obrero Paso Ancho y Rancho Viejo,\ndel Villa Sola de Vega, retiraron el bloqueo que instalaron este jueves sobre\nla carretera federal 131 Oaxaca- Puerto Escondido, para exigir seguridad en sus\ncomunidades.<\/p>\n\n\n\n<p>El\nayuntamiento de Sola de Vega notific\u00f3 alrededor de las 13:00 de este viernes\nque la manifestaci\u00f3n de sus habitantes concluy\u00f3 luego de recibir respuesta\nsobre un futuro acercamiento con el gobierno federal para dar soluci\u00f3n a su\ndemanda.<\/p>\n\n\n\n<p>Desde\nhace varios a\u00f1os, la disputa agraria con la comunidad de San Vicente Coatl\u00e1n se\nincrement\u00f3, lo que ha provocado incursiones armadas de esa poblaci\u00f3n y decesos\nde habitantes de las comunidades de Sola de Vega y el desplazamiento obligado\nde decenas de familias a pesar de resoluciones federales a favor de los\nhabitantes de Paso Ancho.<\/p>\n\n\n\n<p>Para\nhacer visible su demanda, los pobladores de San Jos\u00e9 Obrero Paso Ancho y Rancho\nViejo comenzaron con una jornada de protesta esta semana, que incluy\u00f3 la\nretenci\u00f3n del edil de Sola de Vega, Esa\u00fa N\u00fa\u00f1ez Calvo.<\/p>\n\n\n\n<p>Las manifestaciones se intensificaron ante la nula atenci\u00f3n del gobierno del estado a trav\u00e9s de la Secretar\u00eda General de Gobierno (Segego), para lo cual bloquearon desde ayer la v\u00eda federal 131, Oaxaca-Puerto Escondido, a la altura del crucero a Santa Mar\u00eda Sola, mismo que ya fue retirado.<\/p>\n\n\n\n<p>No obstante, debido a la contingencia sanitaria, ser\u00e1 hasta inicios de junio en que ser\u00e1n recibidos en audiencia los inconformes.<\/p>\n","protected":false},"excerpt":{"rendered":"<p>Yuridiana Sosa\/Zona Roja. Oaxaca de Ju\u00e1rez, Oax., 8 de mayo de 2020.- Ante la promesa&hellip;<\/p>\n","protected":false},"author":2,"featured_media":12113,"comment_status":"closed","ping_status":"open","sticky":false,"template":"","format":"standard","meta":{"_lmt_disableupdate":"","_lmt_disable":"","_jetpack_memberships_contains_paid_content":false,"footnotes":""},"categories":[109,47],"tags":[1236],"class_list":["post-12110","post","type-post","status-publish","format-standard","has-post-thumbnail","hentry","category-minuto-a-minuto","category-zona-gris","tag-villa-sola-de-vega"],"jetpack_featured_media_url":"https:\/\/zonaroja.com.mx\/wp-content\/uploads\/2020\/05\/Sola-de-Vega-bloqueo.jpg","jetpack_sharing_enabled":true,"_links":{"self":[{"href":"https:\/\/zonaroja.com.mx\/index.php?rest_route=\/wp\/v2\/posts\/12110","targetHints":{"allow":["GET"]}}],"collection":[{"href":"https:\/\/zonaroja.com.mx\/index.php?rest_route=\/wp\/v2\/posts"}],"about":[{"href":"https:\/\/zonaroja.com.mx\/index.php?rest_route=\/wp\/v2\/types\/post"}],"author":[{"embeddable":true,"href":"https:\/\/zonaroja.com.mx\/index.php?rest_route=\/wp\/v2\/users\/2"}],"replies":[{"embeddable":true,"href":"https:\/\/zonaroja.com.mx\/index.php?rest_route=%2Fwp%2Fv2%2Fcomments&post=12110"}],"version-history":[{"count":2,"href":"https:\/\/zonaroja.com.mx\/index.php?rest_route=\/wp\/v2\/posts\/12110\/revisions"}],"predecessor-version":[{"id":12112,"href":"https:\/\/zonaroja.com.mx\/index.php?rest_route=\/wp\/v2\/posts\/12110\/revisions\/12112"}],"wp:featuredmedia":[{"embeddable":true,"href":"https:\/\/zonaroja.com.mx\/index.php?rest_route=\/wp\/v2\/media\/12113"}],"wp:attachment":[{"href":"https:\/\/zonaroja.com.mx\/index.php?rest_route=%2Fwp%2Fv2%2Fmedia&parent=12110"}],"wp:term":[{"taxonomy":"category","embeddable":true,"href":"https:\/\/zonaroja.com.mx\/index.php?rest_route=%2Fwp%2Fv2%2Fcategories&post=12110"},{"taxonomy":"post_tag","embeddable":true,"href":"https:\/\/zonaroja.com.mx\/index.php?rest_route=%2Fwp%2Fv2%2Ftags&post=12110"}],"curies":[{"name":"wp","href":"https:\/\/api.w.org\/{rel}","templated":true}]}}