{"id":12116,"date":"2020-05-08T14:43:45","date_gmt":"2020-05-08T19:43:45","guid":{"rendered":"http:\/\/www.zonaroja.com.mx\/?p=12116"},"modified":"2020-05-08T14:43:47","modified_gmt":"2020-05-08T19:43:47","slug":"mujeres-trabajadoras-victimas-de-feminicidio-en-oaxaca","status":"publish","type":"post","link":"https:\/\/zonaroja.com.mx\/?p=12116","title":{"rendered":"Mujeres trabajadoras, v\u00edctimas de feminicidio en Oaxaca."},"content":{"rendered":"\n<p>Redacci\u00f3n\/Zona\nRoja.<\/p>\n\n\n\n<p>&nbsp;Oaxaca de Ju\u00e1rez, Oax., 8 de mayo de 2020.- Seg\u00fan\ndatos de la Encuesta Nacional de Salud y Derechos de las Mujeres Ind\u00edgenas,\nOaxaca ocupa el tercer lugar en embarazo adolescente, donde el 68.5% de las\nj\u00f3venes ind\u00edgenas de la entidad se casan entre los nueve y los 19 a\u00f1os, y 26%\nlo hacen a los 15 a\u00f1os o menos. <\/p>\n\n\n\n<p>Debido a\nesta situaci\u00f3n, muchas de ellas se ven obligadas a incorporarse a la fuerza\nlaboral &#8211;ya sea como comerciantes o empleadas-, percibiendo salarios injustos\nque est\u00e1n por debajo de los 30 pesos por hora, inform\u00f3 la asociaci\u00f3n civil\nConsorcio Oaxaca.<\/p>\n\n\n\n<p>En un\ncomunicado, detall\u00f3 que esta entidad registra la mayor tasa de la poblaci\u00f3n\necon\u00f3micamente activa que trabaja en la informalidad y la tasa m\u00e1s alta de\ndesempleo a nivel nacional.<\/p>\n\n\n\n<p>Adem\u00e1s de\nla violencia econ\u00f3mica, las mujeres trabajadoras tambi\u00e9n son v\u00edctimas de la\nviolencia feminicida que impera en la entidad. <\/p>\n\n\n\n<p>Indic\u00f3\nque con base en datos registrados por Consorcio para el Di\u00e1logo Parlamentario y\nla Equidad Oaxaca, de los 423 feminicidios ocurridos del 01 de diciembre de\n2016 a la fecha, en los casos en que es posible saber la ocupaci\u00f3n de las\nv\u00edctimas (268 casos no cuentan con esta informaci\u00f3n) se encontr\u00f3 que cerca del\n20%&nbsp; eran comerciantes, empleadas y\ncampesinas, y 64% de ellas fueron asesinadas con arma de fuego.<\/p>\n\n\n\n<p>Expuso\nque Valles Centrales es una de las cuatro regiones con el mayor n\u00famero de\nfeminicidios en estas categor\u00edas laborales con 24 casos, le sigue el Papaloapam\ncon 15, el Istmo y la Costa con 12 casos respectivamente, lo cual refleja una\nmanifestaci\u00f3n del feminicidio que va en aumento, pues hasta el sexenio anterior\nel n\u00famero mayor de v\u00edctimas eran las amas de casa y\/o estudiantes.<\/p>\n\n\n\n<p>\u201cLo\nanterior denota que el machismo, la inequidad de g\u00e9nero y las distintas formas\nde violencia contra las mujeres en Oaxaca adquiere dimensiones que exigen, por\nparte del Estado y la sociedad en general, que se garantice el acceso de las\nni\u00f1as, adolescentes y mujeres a una educaci\u00f3n sexual y reproductiva libre e\ninformada.<\/p>\n\n\n\n<p>\u201cQue se\nrespete el derecho a contar con un empleo que ofrezca a las mujeres\ntrabajadoras mejores oportunidades para que vivan seguras y libres de\nviolencia, sobre todo en regiones con altos grados de inseguridad debido el\nalarmante incremento en el uso de armas de fuego en varias regiones del estado\u201d,\nexpuso.<\/p>\n\n\n\n<p>Demand\u00f3\nque se erradique la violencia sexual y las maternidades forzadas en ni\u00f1as y\nadolescentes; se garantice el acceso pleno de las ni\u00f1as y mujeres a sus derechos\nsexuales y reproductivos, as\u00ed como el acceso&nbsp;\nde las mujeres a empleos de calidad, que se traduzcan en una mejora de\noportunidades laborales seg\u00fan lo estipulado por la Organizaci\u00f3n Internacional\ndel Trabajo (OIT).<\/p>\n\n\n\n<p>De la\nmisma manera, que se investigue el crecimiento alarmante del uso de armas de\nfuego en las regiones con m\u00e1s altos \u00edndices de asesinatos de ni\u00f1as y mujeres en\nOaxaca.<\/p>\n","protected":false},"excerpt":{"rendered":"<p>Redacci\u00f3n\/Zona Roja. &nbsp;Oaxaca de Ju\u00e1rez, Oax., 8 de mayo de 2020.- Seg\u00fan datos de la&hellip;<\/p>\n","protected":false},"author":2,"featured_media":12117,"comment_status":"closed","ping_status":"open","sticky":false,"template":"","format":"standard","meta":{"_lmt_disableupdate":"","_lmt_disable":"","_jetpack_memberships_contains_paid_content":false,"footnotes":""},"categories":[109,51],"tags":[461],"class_list":["post-12116","post","type-post","status-publish","format-standard","has-post-thumbnail","hentry","category-minuto-a-minuto","category-zona-roja","tag-violencia-feminicida-oaxaca"],"jetpack_featured_media_url":"https:\/\/zonaroja.com.mx\/wp-content\/uploads\/2020\/05\/Mujeres-trabajadoras.jpg","jetpack_sharing_enabled":true,"_links":{"self":[{"href":"https:\/\/zonaroja.com.mx\/index.php?rest_route=\/wp\/v2\/posts\/12116","targetHints":{"allow":["GET"]}}],"collection":[{"href":"https:\/\/zonaroja.com.mx\/index.php?rest_route=\/wp\/v2\/posts"}],"about":[{"href":"https:\/\/zonaroja.com.mx\/index.php?rest_route=\/wp\/v2\/types\/post"}],"author":[{"embeddable":true,"href":"https:\/\/zonaroja.com.mx\/index.php?rest_route=\/wp\/v2\/users\/2"}],"replies":[{"embeddable":true,"href":"https:\/\/zonaroja.com.mx\/index.php?rest_route=%2Fwp%2Fv2%2Fcomments&post=12116"}],"version-history":[{"count":1,"href":"https:\/\/zonaroja.com.mx\/index.php?rest_route=\/wp\/v2\/posts\/12116\/revisions"}],"predecessor-version":[{"id":12118,"href":"https:\/\/zonaroja.com.mx\/index.php?rest_route=\/wp\/v2\/posts\/12116\/revisions\/12118"}],"wp:featuredmedia":[{"embeddable":true,"href":"https:\/\/zonaroja.com.mx\/index.php?rest_route=\/wp\/v2\/media\/12117"}],"wp:attachment":[{"href":"https:\/\/zonaroja.com.mx\/index.php?rest_route=%2Fwp%2Fv2%2Fmedia&parent=12116"}],"wp:term":[{"taxonomy":"category","embeddable":true,"href":"https:\/\/zonaroja.com.mx\/index.php?rest_route=%2Fwp%2Fv2%2Fcategories&post=12116"},{"taxonomy":"post_tag","embeddable":true,"href":"https:\/\/zonaroja.com.mx\/index.php?rest_route=%2Fwp%2Fv2%2Ftags&post=12116"}],"curies":[{"name":"wp","href":"https:\/\/api.w.org\/{rel}","templated":true}]}}