{"id":12120,"date":"2020-05-08T14:51:47","date_gmt":"2020-05-08T19:51:47","guid":{"rendered":"http:\/\/www.zonaroja.com.mx\/?p=12120"},"modified":"2020-05-08T14:51:49","modified_gmt":"2020-05-08T19:51:49","slug":"continua-violencia-en-contra-de-presidenta-de-teopoxco-secuestran-a-su-esposo","status":"publish","type":"post","link":"https:\/\/zonaroja.com.mx\/?p=12120","title":{"rendered":"Continua violencia en contra de presidenta de Teopoxco; secuestran a su esposo"},"content":{"rendered":"\n<p>Evlin\nArag\u00f3n\/Zona Roja.<\/p>\n\n\n\n<p>Oaxaca de\nJu\u00e1rez, Oax., 8 de mayo de 2020.- La violencia no cesa en contra de Susana\nAlvarado Lozano, presidenta municipal de Santa Mar\u00eda Teopoxco, pese a la\nratificaci\u00f3n en el cargo que a su favor hiciera el pasado 8 de abril la Suprema\nCorte de Justicia de la Naci\u00f3n (SCJN), luego de meses de un conflicto\nposelectoral en la zona.<\/p>\n\n\n\n<p>Y es que\neste jueves, el esposo de la alcaldesa, Magdaleno Gonz\u00e1lez, fue secuestrado por\nun grupo de inconformes, con la intenci\u00f3n de obligarla a dejar el cargo,\nconfigur\u00e1ndose un acto m\u00e1s de violencia pol\u00edtica en su contra, misma que ha\npadecido desde el 2018 que fue electa en el cargo por las siglas de Morena.<\/p>\n\n\n\n<p>As\u00ed lo\ndio a conocer la diputada local, Elisa Zepeda Lagunas, quien a trav\u00e9s de sus\nredes sociales se pronunci\u00f3 en contra de cualquier tipo de violencia hacia la\npresidenta municipal, a la par que se manifest\u00f3 atenta para alzar la voz ante\nesta nueva amenaza.<\/p>\n\n\n\n<p>\u201cPese a\nla ratificaci\u00f3n de SCJN, violencia pol\u00edtica de g\u00e9nero contra la Pdta Susana\nAlvarado contin\u00faa en #Teopoxco. Secuestraron a su esposo para obligarla a dejar\nel cargo; el pueblo refrenda su apoyo y lo libera. Observamos y alzaremos la voz\nante esta amenaza\u201d, refiere la legisladora en su cuenta de Twitter.<\/p>\n\n\n\n<p>La\nretenci\u00f3n y posterior liberaci\u00f3n de Magdaleno Gonz\u00e1lez, quien se desempe\u00f1a como\npresidente de Bienes Comunales en el municipio, fue confirmada en las redes\nsociales en donde tambi\u00e9n se hizo evidente la inconformidad de un grupo\nreducido de pobladores que insisten en responsabilizar a la edil de la\nconfrontaci\u00f3n que se vive en la poblaci\u00f3n, por lo que exigen que deje el cargo.<\/p>\n\n\n\n<p>Previo a\nello, la Comisi\u00f3n de Representantes de las comunidades que conforman el\nmunicipio reiter\u00f3 sus acusaciones contra la alcaldesa por presunto desv\u00edo de\nrecursos; rechaz\u00f3 el dictamen de la Suprema Corte de Justicia de la Naci\u00f3n e insisti\u00f3\nen pedir al Congreso local la desaparici\u00f3n de poderes.<\/p>\n\n\n\n<p>De acuerdo\ncon el Colectivo por la Ciudadan\u00eda de las Mujeres, Susana Alvarado ha padecido\ndiversos hechos de intimidaci\u00f3n, acoso, humillaci\u00f3n, discriminaci\u00f3n, violencia\ninstitucional, comunitaria y machista, por parte de un grupo de pobladores\nencabezados por Carlos Quevedo Fabi\u00e1n, quien se hizo pasar por falso candidato\ntransg\u00e9nero y ha tratado de gobernar por segunda ocasi\u00f3n el municipio.<\/p>\n\n\n\n<p>Por lo\nanterior se han pronunciado en contra de todo tipo de agresi\u00f3n en contra de la\nedil que desde el 2018 ha padecido violencia pol\u00edtica por raz\u00f3n de g\u00e9nero,\ncuyas disposiciones para sancionar el delito han sido recientemente promulgadas\na nivel nacional.<\/p>\n","protected":false},"excerpt":{"rendered":"<p>Evlin Arag\u00f3n\/Zona Roja. Oaxaca de Ju\u00e1rez, Oax., 8 de mayo de 2020.- La violencia no&hellip;<\/p>\n","protected":false},"author":2,"featured_media":11373,"comment_status":"closed","ping_status":"open","sticky":false,"template":"","format":"standard","meta":{"_lmt_disableupdate":"","_lmt_disable":"","_jetpack_memberships_contains_paid_content":false,"footnotes":""},"categories":[109,47],"tags":[1634],"class_list":["post-12120","post","type-post","status-publish","format-standard","has-post-thumbnail","hentry","category-minuto-a-minuto","category-zona-gris","tag-santa-maria-teopoxco"],"jetpack_featured_media_url":"https:\/\/zonaroja.com.mx\/wp-content\/uploads\/2020\/04\/Alcaldesa-Teopoxco.jpg","jetpack_sharing_enabled":true,"_links":{"self":[{"href":"https:\/\/zonaroja.com.mx\/index.php?rest_route=\/wp\/v2\/posts\/12120","targetHints":{"allow":["GET"]}}],"collection":[{"href":"https:\/\/zonaroja.com.mx\/index.php?rest_route=\/wp\/v2\/posts"}],"about":[{"href":"https:\/\/zonaroja.com.mx\/index.php?rest_route=\/wp\/v2\/types\/post"}],"author":[{"embeddable":true,"href":"https:\/\/zonaroja.com.mx\/index.php?rest_route=\/wp\/v2\/users\/2"}],"replies":[{"embeddable":true,"href":"https:\/\/zonaroja.com.mx\/index.php?rest_route=%2Fwp%2Fv2%2Fcomments&post=12120"}],"version-history":[{"count":1,"href":"https:\/\/zonaroja.com.mx\/index.php?rest_route=\/wp\/v2\/posts\/12120\/revisions"}],"predecessor-version":[{"id":12121,"href":"https:\/\/zonaroja.com.mx\/index.php?rest_route=\/wp\/v2\/posts\/12120\/revisions\/12121"}],"wp:featuredmedia":[{"embeddable":true,"href":"https:\/\/zonaroja.com.mx\/index.php?rest_route=\/wp\/v2\/media\/11373"}],"wp:attachment":[{"href":"https:\/\/zonaroja.com.mx\/index.php?rest_route=%2Fwp%2Fv2%2Fmedia&parent=12120"}],"wp:term":[{"taxonomy":"category","embeddable":true,"href":"https:\/\/zonaroja.com.mx\/index.php?rest_route=%2Fwp%2Fv2%2Fcategories&post=12120"},{"taxonomy":"post_tag","embeddable":true,"href":"https:\/\/zonaroja.com.mx\/index.php?rest_route=%2Fwp%2Fv2%2Ftags&post=12120"}],"curies":[{"name":"wp","href":"https:\/\/api.w.org\/{rel}","templated":true}]}}