{"id":12122,"date":"2020-05-08T18:27:10","date_gmt":"2020-05-08T23:27:10","guid":{"rendered":"http:\/\/www.zonaroja.com.mx\/?p=12122"},"modified":"2020-05-08T18:29:25","modified_gmt":"2020-05-08T23:29:25","slug":"denuncian-por-probable-negligencia-medica-a-dirigente-sindical-en-oaxaca","status":"publish","type":"post","link":"https:\/\/zonaroja.com.mx\/?p=12122","title":{"rendered":"Denuncian por probable negligencia m\u00e9dica a dirigente sindical en Oaxaca"},"content":{"rendered":"\n<p>Ismael\nGarc\u00eda M.\/Zona Roja.<\/p>\n\n\n\n<p>Oaxaca de\nJu\u00e1rez, Oax., 8 de mayo de 2020.- Alberto V\u00e1squez San Germ\u00e1n, secretario\ngeneral de la Subsecci\u00f3n 07, de la Secci\u00f3n 35 del Sindicato Nacional de\nTrabajadores de la Secretar\u00eda de Salud, fue denunciado penalmente ante la\nFiscal\u00eda General del Estado por probable negligencia m\u00e9dica.<\/p>\n\n\n\n<p>Cutberto\nC. acus\u00f3 que el pasado 6 de mayo, en el Hospital General \u201cDr. Aurelio\nValdivieso\u201d, el indiciado se neg\u00f3 a darle atenci\u00f3n m\u00e9dica a su hijo, menor de\nedad, B. C. M., quien presentaba dificultad para respirar y ante la situaci\u00f3n\nde pandemia que hay en el pa\u00eds, consider\u00f3 que podr\u00eda tratarse de coronavirus.<\/p>\n\n\n\n<p>Sin\nembargo, un se\u00f1or &#8211;que despu\u00e9s identificaron que era Alberto V\u00e1squez San\nGerm\u00e1n&#8211; les impidi\u00f3 el acceso \u201cde manera d\u00e9spota y agresiva\u201d, alegando que estaban\nhaciendo una manifestaci\u00f3n para rechazar el nombramiento del director del\nnosocomio.<\/p>\n\n\n\n<p>Lament\u00f3\nque por una actividad sindical haya puesto en riesgo la vida de su hijo y le hayan\nimpedido la atenci\u00f3n, pese al cuadro de salud que presentaba su menor de 13\na\u00f1os de edad, quien adem\u00e1s tiene S\u00edndrome de Down.<\/p>\n\n\n\n<p>Expuso\nque la obligaci\u00f3n del m\u00e9dico como servidor p\u00fablico es proteger la salud de las\npersonas, lo cual se incumpli\u00f3.<\/p>\n\n\n\n<p>A\u00f1adi\u00f3\nque tuvo que llevarse a otro hospital a su hijo, quien actualmente se encuentra\nen recuperaci\u00f3n.<\/p>\n\n\n\n<p>Por ello,\npresent\u00f3 su denuncia penal a trav\u00e9s del portal de internet que dispuso la\nFiscal\u00eda General; hizo adem\u00e1s responsable a V\u00e1squez San Germ\u00e1n de las\nconsecuencias que pudiera tener la desatenci\u00f3n en la salud de su hijo.<\/p>\n\n\n\n<p>\u201cLo acuso\nde negligencia, abandono de persona, lesiones y dem\u00e1s delitos que resulten\u201d,\nresalt\u00f3 el se\u00f1or Cutberto C., quien esper\u00f3 que haya verdadera aplicaci\u00f3n de la\njusticia.<\/p>\n\n\n\n<p>\u201cEs\nintolerable que ostentando un cargo y crey\u00e9ndose invencibles con su bandera\nsindical, trasgredan el derecho humano a la salud de los oaxaque\u00f1os\u201d,\npuntualiz\u00f3.<\/p>\n","protected":false},"excerpt":{"rendered":"<p>Ismael Garc\u00eda M.\/Zona Roja. Oaxaca de Ju\u00e1rez, Oax., 8 de mayo de 2020.- Alberto V\u00e1squez&hellip;<\/p>\n","protected":false},"author":2,"featured_media":12123,"comment_status":"closed","ping_status":"open","sticky":false,"template":"","format":"standard","meta":{"_lmt_disableupdate":"","_lmt_disable":"","_jetpack_memberships_contains_paid_content":false,"footnotes":""},"categories":[109,47],"tags":[1664],"class_list":["post-12122","post","type-post","status-publish","format-standard","has-post-thumbnail","hentry","category-minuto-a-minuto","category-zona-gris","tag-alberto-vasquez-san-german"],"jetpack_featured_media_url":"https:\/\/zonaroja.com.mx\/wp-content\/uploads\/2020\/05\/IMG_9036.png","jetpack_sharing_enabled":true,"_links":{"self":[{"href":"https:\/\/zonaroja.com.mx\/index.php?rest_route=\/wp\/v2\/posts\/12122","targetHints":{"allow":["GET"]}}],"collection":[{"href":"https:\/\/zonaroja.com.mx\/index.php?rest_route=\/wp\/v2\/posts"}],"about":[{"href":"https:\/\/zonaroja.com.mx\/index.php?rest_route=\/wp\/v2\/types\/post"}],"author":[{"embeddable":true,"href":"https:\/\/zonaroja.com.mx\/index.php?rest_route=\/wp\/v2\/users\/2"}],"replies":[{"embeddable":true,"href":"https:\/\/zonaroja.com.mx\/index.php?rest_route=%2Fwp%2Fv2%2Fcomments&post=12122"}],"version-history":[{"count":1,"href":"https:\/\/zonaroja.com.mx\/index.php?rest_route=\/wp\/v2\/posts\/12122\/revisions"}],"predecessor-version":[{"id":12124,"href":"https:\/\/zonaroja.com.mx\/index.php?rest_route=\/wp\/v2\/posts\/12122\/revisions\/12124"}],"wp:featuredmedia":[{"embeddable":true,"href":"https:\/\/zonaroja.com.mx\/index.php?rest_route=\/wp\/v2\/media\/12123"}],"wp:attachment":[{"href":"https:\/\/zonaroja.com.mx\/index.php?rest_route=%2Fwp%2Fv2%2Fmedia&parent=12122"}],"wp:term":[{"taxonomy":"category","embeddable":true,"href":"https:\/\/zonaroja.com.mx\/index.php?rest_route=%2Fwp%2Fv2%2Fcategories&post=12122"},{"taxonomy":"post_tag","embeddable":true,"href":"https:\/\/zonaroja.com.mx\/index.php?rest_route=%2Fwp%2Fv2%2Ftags&post=12122"}],"curies":[{"name":"wp","href":"https:\/\/api.w.org\/{rel}","templated":true}]}}